{"id":10,"count":14,"description":"","link":"https:\/\/neurobiodiversidade.org\/en\/category\/na-midia\/","name":"News","slug":"na-midia","taxonomy":"category","parent":0,"meta":[],"yoast_head":"<!-- This site is optimized with the Yoast SEO plugin v27.5 - https:\/\/yoast.com\/product\/yoast-seo-wordpress\/ -->\n<title>Arquivo de Na m\u00eddia - neurobiodiversidade.org<\/title>\n<meta name=\"robots\" content=\"index, follow, max-snippet:-1, max-image-preview:large, max-video-preview:-1\" \/>\n<link rel=\"canonical\" href=\"https:\/\/neurobiodiversidade.org\/en\/category\/na-midia\/\" \/>\n<meta property=\"og:locale\" content=\"en_US\" \/>\n<meta property=\"og:type\" content=\"article\" \/>\n<meta property=\"og:title\" content=\"Arquivo de Na m\u00eddia - neurobiodiversidade.org\" \/>\n<meta property=\"og:url\" content=\"https:\/\/neurobiodiversidade.org\/en\/category\/na-midia\/\" \/>\n<meta property=\"og:site_name\" content=\"neurobiodiversidade.org\" \/>\n<meta property=\"og:image\" content=\"https:\/\/neurobiodiversidade.org\/wp-content\/uploads\/2024\/07\/cropped-fav.jpg\" \/>\n\t<meta property=\"og:image:width\" content=\"512\" \/>\n\t<meta property=\"og:image:height\" content=\"512\" \/>\n\t<meta property=\"og:image:type\" content=\"image\/jpeg\" \/>\n<meta name=\"twitter:card\" content=\"summary_large_image\" \/>\n<script type=\"application\/ld+json\" class=\"yoast-schema-graph\">{\"@context\":\"https:\\\/\\\/schema.org\",\"@graph\":[{\"@type\":\"CollectionPage\",\"@id\":\"https:\\\/\\\/neurobiodiversidade.org\\\/category\\\/na-midia\\\/\",\"url\":\"https:\\\/\\\/neurobiodiversidade.org\\\/category\\\/na-midia\\\/\",\"name\":\"Arquivo de Na m\u00eddia - neurobiodiversidade.org\",\"isPartOf\":{\"@id\":\"https:\\\/\\\/neurobiodiversidade.org\\\/#website\"},\"breadcrumb\":{\"@id\":\"https:\\\/\\\/neurobiodiversidade.org\\\/category\\\/na-midia\\\/#breadcrumb\"},\"inLanguage\":\"en-US\"},{\"@type\":\"BreadcrumbList\",\"@id\":\"https:\\\/\\\/neurobiodiversidade.org\\\/category\\\/na-midia\\\/#breadcrumb\",\"itemListElement\":[{\"@type\":\"ListItem\",\"position\":1,\"name\":\"In\u00edcio\",\"item\":\"https:\\\/\\\/neurobiodiversidade.org\\\/\"},{\"@type\":\"ListItem\",\"position\":2,\"name\":\"Na m\u00eddia\"}]},{\"@type\":\"WebSite\",\"@id\":\"https:\\\/\\\/neurobiodiversidade.org\\\/#website\",\"url\":\"https:\\\/\\\/neurobiodiversidade.org\\\/\",\"name\":\"neurobiodiversidade.org\",\"description\":\"A maior cole\u00e7\u00e3o de c\u00e9rebros de cet\u00e1ceos da Am\u00e9rica Latina\",\"publisher\":{\"@id\":\"https:\\\/\\\/neurobiodiversidade.org\\\/#organization\"},\"potentialAction\":[{\"@type\":\"SearchAction\",\"target\":{\"@type\":\"EntryPoint\",\"urlTemplate\":\"https:\\\/\\\/neurobiodiversidade.org\\\/?s={search_term_string}\"},\"query-input\":{\"@type\":\"PropertyValueSpecification\",\"valueRequired\":true,\"valueName\":\"search_term_string\"}}],\"inLanguage\":\"en-US\"},{\"@type\":\"Organization\",\"@id\":\"https:\\\/\\\/neurobiodiversidade.org\\\/#organization\",\"name\":\"neurobiodiversidade.org\",\"alternateName\":\"RBNB\",\"url\":\"https:\\\/\\\/neurobiodiversidade.org\\\/\",\"logo\":{\"@type\":\"ImageObject\",\"inLanguage\":\"en-US\",\"@id\":\"https:\\\/\\\/neurobiodiversidade.org\\\/#\\\/schema\\\/logo\\\/image\\\/\",\"url\":\"https:\\\/\\\/neurobiodiversidade.org\\\/wp-content\\\/uploads\\\/2024\\\/07\\\/RBNB_colorida_PNG-1.svg\",\"contentUrl\":\"https:\\\/\\\/neurobiodiversidade.org\\\/wp-content\\\/uploads\\\/2024\\\/07\\\/RBNB_colorida_PNG-1.svg\",\"width\":321,\"height\":157,\"caption\":\"neurobiodiversidade.org\"},\"image\":{\"@id\":\"https:\\\/\\\/neurobiodiversidade.org\\\/#\\\/schema\\\/logo\\\/image\\\/\"}}]}<\/script>\n<!-- \/ Yoast SEO plugin. -->","yoast_head_json":{"title":"Arquivo de Na m\u00eddia - neurobiodiversidade.org","robots":{"index":"index","follow":"follow","max-snippet":"max-snippet:-1","max-image-preview":"max-image-preview:large","max-video-preview":"max-video-preview:-1"},"canonical":"https:\/\/neurobiodiversidade.org\/en\/category\/na-midia\/","og_locale":"en_US","og_type":"article","og_title":"Arquivo de Na m\u00eddia - neurobiodiversidade.org","og_url":"https:\/\/neurobiodiversidade.org\/en\/category\/na-midia\/","og_site_name":"neurobiodiversidade.org","og_image":[{"width":512,"height":512,"url":"https:\/\/neurobiodiversidade.org\/wp-content\/uploads\/2024\/07\/cropped-fav.jpg","type":"image\/jpeg"}],"twitter_card":"summary_large_image","schema":{"@context":"https:\/\/schema.org","@graph":[{"@type":"CollectionPage","@id":"https:\/\/neurobiodiversidade.org\/category\/na-midia\/","url":"https:\/\/neurobiodiversidade.org\/category\/na-midia\/","name":"Arquivo de Na m\u00eddia - neurobiodiversidade.org","isPartOf":{"@id":"https:\/\/neurobiodiversidade.org\/#website"},"breadcrumb":{"@id":"https:\/\/neurobiodiversidade.org\/category\/na-midia\/#breadcrumb"},"inLanguage":"en-US"},{"@type":"BreadcrumbList","@id":"https:\/\/neurobiodiversidade.org\/category\/na-midia\/#breadcrumb","itemListElement":[{"@type":"ListItem","position":1,"name":"In\u00edcio","item":"https:\/\/neurobiodiversidade.org\/"},{"@type":"ListItem","position":2,"name":"Na m\u00eddia"}]},{"@type":"WebSite","@id":"https:\/\/neurobiodiversidade.org\/#website","url":"https:\/\/neurobiodiversidade.org\/","name":"neurobiodiversidade.org","description":"The largest collection of cetacean brains in Latin America","publisher":{"@id":"https:\/\/neurobiodiversidade.org\/#organization"},"potentialAction":[{"@type":"SearchAction","target":{"@type":"EntryPoint","urlTemplate":"https:\/\/neurobiodiversidade.org\/?s={search_term_string}"},"query-input":{"@type":"PropertyValueSpecification","valueRequired":true,"valueName":"search_term_string"}}],"inLanguage":"en-US"},{"@type":"Organization","@id":"https:\/\/neurobiodiversidade.org\/#organization","name":"neurobiodiversidade.org","alternateName":"RBNB","url":"https:\/\/neurobiodiversidade.org\/","logo":{"@type":"ImageObject","inLanguage":"en-US","@id":"https:\/\/neurobiodiversidade.org\/#\/schema\/logo\/image\/","url":"https:\/\/neurobiodiversidade.org\/wp-content\/uploads\/2024\/07\/RBNB_colorida_PNG-1.svg","contentUrl":"https:\/\/neurobiodiversidade.org\/wp-content\/uploads\/2024\/07\/RBNB_colorida_PNG-1.svg","width":321,"height":157,"caption":"neurobiodiversidade.org"},"image":{"@id":"https:\/\/neurobiodiversidade.org\/#\/schema\/logo\/image\/"}}]}},"_links":{"self":[{"href":"https:\/\/neurobiodiversidade.org\/en\/wp-json\/wp\/v2\/categories\/10","targetHints":{"allow":["GET"]}}],"collection":[{"href":"https:\/\/neurobiodiversidade.org\/en\/wp-json\/wp\/v2\/categories"}],"about":[{"href":"https:\/\/neurobiodiversidade.org\/en\/wp-json\/wp\/v2\/taxonomies\/category"}],"wp:post_type":[{"href":"https:\/\/neurobiodiversidade.org\/en\/wp-json\/wp\/v2\/posts?categories=10"}],"curies":[{"name":"wp","href":"https:\/\/api.w.org\/{rel}","templated":true}]}}