{"id":2120,"date":"2024-07-11T17:21:22","date_gmt":"2024-07-11T17:21:22","guid":{"rendered":"https:\/\/neurobiodiversidade.org\/?p=2120"},"modified":"2024-07-11T17:23:24","modified_gmt":"2024-07-11T17:23:24","slug":"geladeiras-de-cerebro","status":"publish","type":"post","link":"https:\/\/neurobiodiversidade.org\/en\/geladeiras-de-cerebro\/","title":{"rendered":"Geladeiras de c\u00e9rebro"},"content":{"rendered":"<p>Jornal Piau\u00ed: Uma geladeira no Instituto de F\u00edsica da UFRJ abriga desde junho a maior cole\u00e7\u00e3o de c\u00e9rebros de golfinhos da Am\u00e9rica Latina. S\u00e3o cerca de cinquenta exemplares de treze esp\u00e9cies, acondicionados em potes tipo tupperware ou de vidro, de tamanhos variados, desde os grandes de azeitona at\u00e9 os pequenos de \u00f3leo de coco \u2013 a mais pura ci\u00eancia brasileira de guerrilha. <br><br><a href=\"https:\/\/piaui.folha.uol.com.br\/materia\/geladeira-de-cerebros\/\" data-type=\"link\" data-id=\"https:\/\/piaui.folha.uol.com.br\/materia\/geladeira-de-cerebros\/\">READ THE FULL ARTICLE<\/a><\/p>","protected":false},"excerpt":{"rendered":"<p>Jornal Piau\u00ed: Uma geladeira no Instituto de F\u00edsica da UFRJ abriga desde junho a maior cole\u00e7\u00e3o de c\u00e9rebros de golfinhos da Am\u00e9rica Latina. S\u00e3o cerca de cinquenta exemplares de treze esp\u00e9cies, acondicionados em potes tipo tupperware ou de vidro, de tamanhos variados, desde os grandes de azeitona at\u00e9 os pequenos de \u00f3leo de coco \u2013 [&hellip;]<\/p>\n","protected":false},"author":1,"featured_media":2123,"comment_status":"closed","ping_status":"closed","sticky":false,"template":"","format":"standard","meta":{"footnotes":""},"categories":[10],"tags":[],"class_list":["post-2120","post","type-post","status-publish","format-standard","has-post-thumbnail","hentry","category-na-midia"],"yoast_head":"<!-- This site is optimized with the Yoast SEO plugin v27.5 - https:\/\/yoast.com\/product\/yoast-seo-wordpress\/ -->\n<title>Geladeiras de c\u00e9rebro - neurobiodiversidade.org<\/title>\n<meta name=\"robots\" content=\"index, follow, max-snippet:-1, max-image-preview:large, max-video-preview:-1\" \/>\n<link rel=\"canonical\" href=\"https:\/\/neurobiodiversidade.org\/en\/geladeiras-de-cerebro\/\" \/>\n<meta property=\"og:locale\" content=\"en_US\" \/>\n<meta property=\"og:type\" content=\"article\" \/>\n<meta property=\"og:title\" content=\"Geladeiras de c\u00e9rebro - neurobiodiversidade.org\" \/>\n<meta property=\"og:description\" content=\"Jornal Piau\u00ed: Uma geladeira no Instituto de F\u00edsica da UFRJ abriga desde junho a maior cole\u00e7\u00e3o de c\u00e9rebros de golfinhos da Am\u00e9rica Latina. S\u00e3o cerca de cinquenta exemplares de treze esp\u00e9cies, acondicionados em potes tipo tupperware ou de vidro, de tamanhos variados, desde os grandes de azeitona at\u00e9 os pequenos de \u00f3leo de coco \u2013 [&hellip;]\" \/>\n<meta property=\"og:url\" content=\"https:\/\/neurobiodiversidade.org\/en\/geladeiras-de-cerebro\/\" \/>\n<meta property=\"og:site_name\" content=\"neurobiodiversidade.org\" \/>\n<meta property=\"article:published_time\" content=\"2024-07-11T17:21:22+00:00\" \/>\n<meta property=\"article:modified_time\" content=\"2024-07-11T17:23:24+00:00\" \/>\n<meta property=\"og:image\" content=\"https:\/\/neurobiodiversidade.org\/wp-content\/uploads\/2024\/07\/new.jpg\" \/>\n\t<meta property=\"og:image:width\" content=\"906\" \/>\n\t<meta property=\"og:image:height\" content=\"571\" \/>\n\t<meta property=\"og:image:type\" content=\"image\/jpeg\" \/>\n<meta name=\"author\" content=\"RBNB\" \/>\n<meta name=\"twitter:card\" content=\"summary_large_image\" \/>\n<meta name=\"twitter:label1\" content=\"Written by\" \/>\n\t<meta name=\"twitter:data1\" content=\"RBNB\" \/>\n<script type=\"application\/ld+json\" class=\"yoast-schema-graph\">{\"@context\":\"https:\\\/\\\/schema.org\",\"@graph\":[{\"@type\":\"Article\",\"@id\":\"https:\\\/\\\/neurobiodiversidade.org\\\/geladeiras-de-cerebro\\\/#article\",\"isPartOf\":{\"@id\":\"https:\\\/\\\/neurobiodiversidade.org\\\/geladeiras-de-cerebro\\\/\"},\"author\":{\"name\":\"RBNB\",\"@id\":\"https:\\\/\\\/neurobiodiversidade.org\\\/#\\\/schema\\\/person\\\/a44095ce7254df2eaa04757a8067be22\"},\"headline\":\"Geladeiras de c\u00e9rebro\",\"datePublished\":\"2024-07-11T17:21:22+00:00\",\"dateModified\":\"2024-07-11T17:23:24+00:00\",\"mainEntityOfPage\":{\"@id\":\"https:\\\/\\\/neurobiodiversidade.org\\\/geladeiras-de-cerebro\\\/\"},\"wordCount\":77,\"publisher\":{\"@id\":\"https:\\\/\\\/neurobiodiversidade.org\\\/#organization\"},\"image\":{\"@id\":\"https:\\\/\\\/neurobiodiversidade.org\\\/geladeiras-de-cerebro\\\/#primaryimage\"},\"thumbnailUrl\":\"https:\\\/\\\/neurobiodiversidade.org\\\/wp-content\\\/uploads\\\/2024\\\/07\\\/new.jpg\",\"articleSection\":[\"Na m\u00eddia\"],\"inLanguage\":\"en-US\"},{\"@type\":\"WebPage\",\"@id\":\"https:\\\/\\\/neurobiodiversidade.org\\\/geladeiras-de-cerebro\\\/\",\"url\":\"https:\\\/\\\/neurobiodiversidade.org\\\/geladeiras-de-cerebro\\\/\",\"name\":\"Geladeiras de c\u00e9rebro - neurobiodiversidade.org\",\"isPartOf\":{\"@id\":\"https:\\\/\\\/neurobiodiversidade.org\\\/#website\"},\"primaryImageOfPage\":{\"@id\":\"https:\\\/\\\/neurobiodiversidade.org\\\/geladeiras-de-cerebro\\\/#primaryimage\"},\"image\":{\"@id\":\"https:\\\/\\\/neurobiodiversidade.org\\\/geladeiras-de-cerebro\\\/#primaryimage\"},\"thumbnailUrl\":\"https:\\\/\\\/neurobiodiversidade.org\\\/wp-content\\\/uploads\\\/2024\\\/07\\\/new.jpg\",\"datePublished\":\"2024-07-11T17:21:22+00:00\",\"dateModified\":\"2024-07-11T17:23:24+00:00\",\"breadcrumb\":{\"@id\":\"https:\\\/\\\/neurobiodiversidade.org\\\/geladeiras-de-cerebro\\\/#breadcrumb\"},\"inLanguage\":\"en-US\",\"potentialAction\":[{\"@type\":\"ReadAction\",\"target\":[\"https:\\\/\\\/neurobiodiversidade.org\\\/geladeiras-de-cerebro\\\/\"]}]},{\"@type\":\"ImageObject\",\"inLanguage\":\"en-US\",\"@id\":\"https:\\\/\\\/neurobiodiversidade.org\\\/geladeiras-de-cerebro\\\/#primaryimage\",\"url\":\"https:\\\/\\\/neurobiodiversidade.org\\\/wp-content\\\/uploads\\\/2024\\\/07\\\/new.jpg\",\"contentUrl\":\"https:\\\/\\\/neurobiodiversidade.org\\\/wp-content\\\/uploads\\\/2024\\\/07\\\/new.jpg\",\"width\":906,\"height\":571},{\"@type\":\"BreadcrumbList\",\"@id\":\"https:\\\/\\\/neurobiodiversidade.org\\\/geladeiras-de-cerebro\\\/#breadcrumb\",\"itemListElement\":[{\"@type\":\"ListItem\",\"position\":1,\"name\":\"In\u00edcio\",\"item\":\"https:\\\/\\\/neurobiodiversidade.org\\\/\"},{\"@type\":\"ListItem\",\"position\":2,\"name\":\"Geladeiras de c\u00e9rebro\"}]},{\"@type\":\"WebSite\",\"@id\":\"https:\\\/\\\/neurobiodiversidade.org\\\/#website\",\"url\":\"https:\\\/\\\/neurobiodiversidade.org\\\/\",\"name\":\"neurobiodiversidade.org\",\"description\":\"A maior cole\u00e7\u00e3o de c\u00e9rebros de cet\u00e1ceos da Am\u00e9rica Latina\",\"publisher\":{\"@id\":\"https:\\\/\\\/neurobiodiversidade.org\\\/#organization\"},\"potentialAction\":[{\"@type\":\"SearchAction\",\"target\":{\"@type\":\"EntryPoint\",\"urlTemplate\":\"https:\\\/\\\/neurobiodiversidade.org\\\/?s={search_term_string}\"},\"query-input\":{\"@type\":\"PropertyValueSpecification\",\"valueRequired\":true,\"valueName\":\"search_term_string\"}}],\"inLanguage\":\"en-US\"},{\"@type\":\"Organization\",\"@id\":\"https:\\\/\\\/neurobiodiversidade.org\\\/#organization\",\"name\":\"neurobiodiversidade.org\",\"alternateName\":\"RBNB\",\"url\":\"https:\\\/\\\/neurobiodiversidade.org\\\/\",\"logo\":{\"@type\":\"ImageObject\",\"inLanguage\":\"en-US\",\"@id\":\"https:\\\/\\\/neurobiodiversidade.org\\\/#\\\/schema\\\/logo\\\/image\\\/\",\"url\":\"https:\\\/\\\/neurobiodiversidade.org\\\/wp-content\\\/uploads\\\/2024\\\/07\\\/RBNB_colorida_PNG-1.svg\",\"contentUrl\":\"https:\\\/\\\/neurobiodiversidade.org\\\/wp-content\\\/uploads\\\/2024\\\/07\\\/RBNB_colorida_PNG-1.svg\",\"width\":321,\"height\":157,\"caption\":\"neurobiodiversidade.org\"},\"image\":{\"@id\":\"https:\\\/\\\/neurobiodiversidade.org\\\/#\\\/schema\\\/logo\\\/image\\\/\"}},{\"@type\":\"Person\",\"@id\":\"https:\\\/\\\/neurobiodiversidade.org\\\/#\\\/schema\\\/person\\\/a44095ce7254df2eaa04757a8067be22\",\"name\":\"RBNB\",\"image\":{\"@type\":\"ImageObject\",\"inLanguage\":\"en-US\",\"@id\":\"https:\\\/\\\/neurobiodiversidade.org\\\/wp-content\\\/uploads\\\/2024\\\/07\\\/cropped-fav-150x150.jpg\",\"url\":\"https:\\\/\\\/neurobiodiversidade.org\\\/wp-content\\\/uploads\\\/2024\\\/07\\\/cropped-fav-150x150.jpg\",\"contentUrl\":\"https:\\\/\\\/neurobiodiversidade.org\\\/wp-content\\\/uploads\\\/2024\\\/07\\\/cropped-fav-150x150.jpg\",\"caption\":\"RBNB\"},\"sameAs\":[\"http:\\\/\\\/neurobiodiversidade.org\"],\"url\":\"https:\\\/\\\/neurobiodiversidade.org\\\/en\\\/author\\\/kamilla_bioufrj-br\\\/\"}]}<\/script>\n<!-- \/ Yoast SEO plugin. -->","yoast_head_json":{"title":"Geladeiras de c\u00e9rebro - neurobiodiversidade.org","robots":{"index":"index","follow":"follow","max-snippet":"max-snippet:-1","max-image-preview":"max-image-preview:large","max-video-preview":"max-video-preview:-1"},"canonical":"https:\/\/neurobiodiversidade.org\/en\/geladeiras-de-cerebro\/","og_locale":"en_US","og_type":"article","og_title":"Geladeiras de c\u00e9rebro - neurobiodiversidade.org","og_description":"Jornal Piau\u00ed: Uma geladeira no Instituto de F\u00edsica da UFRJ abriga desde junho a maior cole\u00e7\u00e3o de c\u00e9rebros de golfinhos da Am\u00e9rica Latina. S\u00e3o cerca de cinquenta exemplares de treze esp\u00e9cies, acondicionados em potes tipo tupperware ou de vidro, de tamanhos variados, desde os grandes de azeitona at\u00e9 os pequenos de \u00f3leo de coco \u2013 [&hellip;]","og_url":"https:\/\/neurobiodiversidade.org\/en\/geladeiras-de-cerebro\/","og_site_name":"neurobiodiversidade.org","article_published_time":"2024-07-11T17:21:22+00:00","article_modified_time":"2024-07-11T17:23:24+00:00","og_image":[{"width":906,"height":571,"url":"https:\/\/neurobiodiversidade.org\/wp-content\/uploads\/2024\/07\/new.jpg","type":"image\/jpeg"}],"author":"RBNB","twitter_card":"summary_large_image","twitter_misc":{"Written by":"RBNB"},"schema":{"@context":"https:\/\/schema.org","@graph":[{"@type":"Article","@id":"https:\/\/neurobiodiversidade.org\/geladeiras-de-cerebro\/#article","isPartOf":{"@id":"https:\/\/neurobiodiversidade.org\/geladeiras-de-cerebro\/"},"author":{"name":"RBNB","@id":"https:\/\/neurobiodiversidade.org\/#\/schema\/person\/a44095ce7254df2eaa04757a8067be22"},"headline":"Geladeiras de c\u00e9rebro","datePublished":"2024-07-11T17:21:22+00:00","dateModified":"2024-07-11T17:23:24+00:00","mainEntityOfPage":{"@id":"https:\/\/neurobiodiversidade.org\/geladeiras-de-cerebro\/"},"wordCount":77,"publisher":{"@id":"https:\/\/neurobiodiversidade.org\/#organization"},"image":{"@id":"https:\/\/neurobiodiversidade.org\/geladeiras-de-cerebro\/#primaryimage"},"thumbnailUrl":"https:\/\/neurobiodiversidade.org\/wp-content\/uploads\/2024\/07\/new.jpg","articleSection":["Na m\u00eddia"],"inLanguage":"en-US"},{"@type":"WebPage","@id":"https:\/\/neurobiodiversidade.org\/geladeiras-de-cerebro\/","url":"https:\/\/neurobiodiversidade.org\/geladeiras-de-cerebro\/","name":"Geladeiras de c\u00e9rebro - neurobiodiversidade.org","isPartOf":{"@id":"https:\/\/neurobiodiversidade.org\/#website"},"primaryImageOfPage":{"@id":"https:\/\/neurobiodiversidade.org\/geladeiras-de-cerebro\/#primaryimage"},"image":{"@id":"https:\/\/neurobiodiversidade.org\/geladeiras-de-cerebro\/#primaryimage"},"thumbnailUrl":"https:\/\/neurobiodiversidade.org\/wp-content\/uploads\/2024\/07\/new.jpg","datePublished":"2024-07-11T17:21:22+00:00","dateModified":"2024-07-11T17:23:24+00:00","breadcrumb":{"@id":"https:\/\/neurobiodiversidade.org\/geladeiras-de-cerebro\/#breadcrumb"},"inLanguage":"en-US","potentialAction":[{"@type":"ReadAction","target":["https:\/\/neurobiodiversidade.org\/geladeiras-de-cerebro\/"]}]},{"@type":"ImageObject","inLanguage":"en-US","@id":"https:\/\/neurobiodiversidade.org\/geladeiras-de-cerebro\/#primaryimage","url":"https:\/\/neurobiodiversidade.org\/wp-content\/uploads\/2024\/07\/new.jpg","contentUrl":"https:\/\/neurobiodiversidade.org\/wp-content\/uploads\/2024\/07\/new.jpg","width":906,"height":571},{"@type":"BreadcrumbList","@id":"https:\/\/neurobiodiversidade.org\/geladeiras-de-cerebro\/#breadcrumb","itemListElement":[{"@type":"ListItem","position":1,"name":"In\u00edcio","item":"https:\/\/neurobiodiversidade.org\/"},{"@type":"ListItem","position":2,"name":"Geladeiras de c\u00e9rebro"}]},{"@type":"WebSite","@id":"https:\/\/neurobiodiversidade.org\/#website","url":"https:\/\/neurobiodiversidade.org\/","name":"neurobiodiversidade.org","description":"The largest collection of cetacean brains in Latin America","publisher":{"@id":"https:\/\/neurobiodiversidade.org\/#organization"},"potentialAction":[{"@type":"SearchAction","target":{"@type":"EntryPoint","urlTemplate":"https:\/\/neurobiodiversidade.org\/?s={search_term_string}"},"query-input":{"@type":"PropertyValueSpecification","valueRequired":true,"valueName":"search_term_string"}}],"inLanguage":"en-US"},{"@type":"Organization","@id":"https:\/\/neurobiodiversidade.org\/#organization","name":"neurobiodiversidade.org","alternateName":"RBNB","url":"https:\/\/neurobiodiversidade.org\/","logo":{"@type":"ImageObject","inLanguage":"en-US","@id":"https:\/\/neurobiodiversidade.org\/#\/schema\/logo\/image\/","url":"https:\/\/neurobiodiversidade.org\/wp-content\/uploads\/2024\/07\/RBNB_colorida_PNG-1.svg","contentUrl":"https:\/\/neurobiodiversidade.org\/wp-content\/uploads\/2024\/07\/RBNB_colorida_PNG-1.svg","width":321,"height":157,"caption":"neurobiodiversidade.org"},"image":{"@id":"https:\/\/neurobiodiversidade.org\/#\/schema\/logo\/image\/"}},{"@type":"Person","@id":"https:\/\/neurobiodiversidade.org\/#\/schema\/person\/a44095ce7254df2eaa04757a8067be22","name":"RBNB","image":{"@type":"ImageObject","inLanguage":"en-US","@id":"https:\/\/neurobiodiversidade.org\/wp-content\/uploads\/2024\/07\/cropped-fav-150x150.jpg","url":"https:\/\/neurobiodiversidade.org\/wp-content\/uploads\/2024\/07\/cropped-fav-150x150.jpg","contentUrl":"https:\/\/neurobiodiversidade.org\/wp-content\/uploads\/2024\/07\/cropped-fav-150x150.jpg","caption":"RBNB"},"sameAs":["http:\/\/neurobiodiversidade.org"],"url":"https:\/\/neurobiodiversidade.org\/en\/author\/kamilla_bioufrj-br\/"}]}},"_links":{"self":[{"href":"https:\/\/neurobiodiversidade.org\/en\/wp-json\/wp\/v2\/posts\/2120","targetHints":{"allow":["GET"]}}],"collection":[{"href":"https:\/\/neurobiodiversidade.org\/en\/wp-json\/wp\/v2\/posts"}],"about":[{"href":"https:\/\/neurobiodiversidade.org\/en\/wp-json\/wp\/v2\/types\/post"}],"author":[{"embeddable":true,"href":"https:\/\/neurobiodiversidade.org\/en\/wp-json\/wp\/v2\/users\/1"}],"replies":[{"embeddable":true,"href":"https:\/\/neurobiodiversidade.org\/en\/wp-json\/wp\/v2\/comments?post=2120"}],"version-history":[{"count":1,"href":"https:\/\/neurobiodiversidade.org\/en\/wp-json\/wp\/v2\/posts\/2120\/revisions"}],"predecessor-version":[{"id":2122,"href":"https:\/\/neurobiodiversidade.org\/en\/wp-json\/wp\/v2\/posts\/2120\/revisions\/2122"}],"wp:featuredmedia":[{"embeddable":true,"href":"https:\/\/neurobiodiversidade.org\/en\/wp-json\/wp\/v2\/media\/2123"}],"wp:attachment":[{"href":"https:\/\/neurobiodiversidade.org\/en\/wp-json\/wp\/v2\/media?parent=2120"}],"wp:term":[{"taxonomy":"category","embeddable":true,"href":"https:\/\/neurobiodiversidade.org\/en\/wp-json\/wp\/v2\/categories?post=2120"},{"taxonomy":"post_tag","embeddable":true,"href":"https:\/\/neurobiodiversidade.org\/en\/wp-json\/wp\/v2\/tags?post=2120"}],"curies":[{"name":"wp","href":"https:\/\/api.w.org\/{rel}","templated":true}]}}