{"id":2135,"date":"2024-07-11T17:45:15","date_gmt":"2024-07-11T17:45:15","guid":{"rendered":"https:\/\/neurobiodiversidade.org\/?p=2135"},"modified":"2024-07-11T17:45:15","modified_gmt":"2024-07-11T17:45:15","slug":"cerebro-de-cetaceos-expansao-da-neurociencia-no-pais","status":"publish","type":"post","link":"https:\/\/neurobiodiversidade.org\/en\/cerebro-de-cetaceos-expansao-da-neurociencia-no-pais\/","title":{"rendered":"Cetacean Brain: expansion of neuroscience in the country"},"content":{"rendered":"<p>Funarbe: Enquanto alguns crescem sonhando em serem astronautas, bombeiros ou atletas, outros possuem a certeza de que a ci\u00eancia e a pesquisa ser\u00e3o o motivo de suas maiores realiza\u00e7\u00f5es profissionais. Foi assim que ainda aos 11 anos, Kamilla Souza, descobriu sua paix\u00e3o pela ci\u00eancia, sendo fortalecida ao longo dos anos e concretizada por meio de seus esfor\u00e7os nos<strong>\u00a0estudos de cet\u00e1ceos no Brasil.\u00a0<\/strong><br><a href=\"https:\/\/funarbe.org.br\/2023\/09\/19\/cerebro-cetaceos\/\">READ THE FULL ARTICLE<\/a><\/p>","protected":false},"excerpt":{"rendered":"<p>Funarbe: Enquanto alguns crescem sonhando em serem astronautas, bombeiros ou atletas, outros possuem a certeza de que a ci\u00eancia e a pesquisa ser\u00e3o o motivo de suas maiores realiza\u00e7\u00f5es profissionais. Foi assim que ainda aos 11 anos, Kamilla Souza, descobriu sua paix\u00e3o pela ci\u00eancia, sendo fortalecida ao longo dos anos e concretizada por meio de [&hellip;]<\/p>\n","protected":false},"author":1,"featured_media":2136,"comment_status":"closed","ping_status":"closed","sticky":false,"template":"","format":"standard","meta":{"footnotes":""},"categories":[10],"tags":[],"class_list":["post-2135","post","type-post","status-publish","format-standard","has-post-thumbnail","hentry","category-na-midia"],"yoast_head":"<!-- This site is optimized with the Yoast SEO plugin v27.5 - https:\/\/yoast.com\/product\/yoast-seo-wordpress\/ -->\n<title>C\u00e9rebro de Cet\u00e1ceos: expans\u00e3o da neuroci\u00eancia no pa\u00eds - neurobiodiversidade.org<\/title>\n<meta name=\"robots\" content=\"index, follow, max-snippet:-1, max-image-preview:large, max-video-preview:-1\" \/>\n<link rel=\"canonical\" href=\"https:\/\/neurobiodiversidade.org\/en\/cerebro-de-cetaceos-expansao-da-neurociencia-no-pais\/\" \/>\n<meta property=\"og:locale\" content=\"en_US\" \/>\n<meta property=\"og:type\" content=\"article\" \/>\n<meta property=\"og:title\" content=\"C\u00e9rebro de Cet\u00e1ceos: expans\u00e3o da neuroci\u00eancia no pa\u00eds - neurobiodiversidade.org\" \/>\n<meta property=\"og:description\" content=\"Funarbe: Enquanto alguns crescem sonhando em serem astronautas, bombeiros ou atletas, outros possuem a certeza de que a ci\u00eancia e a pesquisa ser\u00e3o o motivo de suas maiores realiza\u00e7\u00f5es profissionais. Foi assim que ainda aos 11 anos, Kamilla Souza, descobriu sua paix\u00e3o pela ci\u00eancia, sendo fortalecida ao longo dos anos e concretizada por meio de [&hellip;]\" \/>\n<meta property=\"og:url\" content=\"https:\/\/neurobiodiversidade.org\/en\/cerebro-de-cetaceos-expansao-da-neurociencia-no-pais\/\" \/>\n<meta property=\"og:site_name\" content=\"neurobiodiversidade.org\" \/>\n<meta property=\"article:published_time\" content=\"2024-07-11T17:45:15+00:00\" \/>\n<meta property=\"og:image\" content=\"https:\/\/neurobiodiversidade.org\/wp-content\/uploads\/2024\/07\/WhatsApp-Image-2023-09-11-at-15.04.58-e1694710766131.jpeg\" \/>\n\t<meta property=\"og:image:width\" content=\"768\" \/>\n\t<meta property=\"og:image:height\" content=\"519\" \/>\n\t<meta property=\"og:image:type\" content=\"image\/jpeg\" \/>\n<meta name=\"author\" content=\"RBNB\" \/>\n<meta name=\"twitter:card\" content=\"summary_large_image\" \/>\n<meta name=\"twitter:label1\" content=\"Written by\" \/>\n\t<meta name=\"twitter:data1\" content=\"RBNB\" \/>\n<script type=\"application\/ld+json\" class=\"yoast-schema-graph\">{\"@context\":\"https:\\\/\\\/schema.org\",\"@graph\":[{\"@type\":\"Article\",\"@id\":\"https:\\\/\\\/neurobiodiversidade.org\\\/cerebro-de-cetaceos-expansao-da-neurociencia-no-pais\\\/#article\",\"isPartOf\":{\"@id\":\"https:\\\/\\\/neurobiodiversidade.org\\\/cerebro-de-cetaceos-expansao-da-neurociencia-no-pais\\\/\"},\"author\":{\"name\":\"RBNB\",\"@id\":\"https:\\\/\\\/neurobiodiversidade.org\\\/#\\\/schema\\\/person\\\/a44095ce7254df2eaa04757a8067be22\"},\"headline\":\"C\u00e9rebro de Cet\u00e1ceos: expans\u00e3o da neuroci\u00eancia no pa\u00eds\",\"datePublished\":\"2024-07-11T17:45:15+00:00\",\"mainEntityOfPage\":{\"@id\":\"https:\\\/\\\/neurobiodiversidade.org\\\/cerebro-de-cetaceos-expansao-da-neurociencia-no-pais\\\/\"},\"wordCount\":87,\"publisher\":{\"@id\":\"https:\\\/\\\/neurobiodiversidade.org\\\/#organization\"},\"image\":{\"@id\":\"https:\\\/\\\/neurobiodiversidade.org\\\/cerebro-de-cetaceos-expansao-da-neurociencia-no-pais\\\/#primaryimage\"},\"thumbnailUrl\":\"https:\\\/\\\/neurobiodiversidade.org\\\/wp-content\\\/uploads\\\/2024\\\/07\\\/WhatsApp-Image-2023-09-11-at-15.04.58-e1694710766131.jpeg\",\"articleSection\":[\"Na m\u00eddia\"],\"inLanguage\":\"en-US\"},{\"@type\":\"WebPage\",\"@id\":\"https:\\\/\\\/neurobiodiversidade.org\\\/cerebro-de-cetaceos-expansao-da-neurociencia-no-pais\\\/\",\"url\":\"https:\\\/\\\/neurobiodiversidade.org\\\/cerebro-de-cetaceos-expansao-da-neurociencia-no-pais\\\/\",\"name\":\"C\u00e9rebro de Cet\u00e1ceos: expans\u00e3o da neuroci\u00eancia no pa\u00eds - neurobiodiversidade.org\",\"isPartOf\":{\"@id\":\"https:\\\/\\\/neurobiodiversidade.org\\\/#website\"},\"primaryImageOfPage\":{\"@id\":\"https:\\\/\\\/neurobiodiversidade.org\\\/cerebro-de-cetaceos-expansao-da-neurociencia-no-pais\\\/#primaryimage\"},\"image\":{\"@id\":\"https:\\\/\\\/neurobiodiversidade.org\\\/cerebro-de-cetaceos-expansao-da-neurociencia-no-pais\\\/#primaryimage\"},\"thumbnailUrl\":\"https:\\\/\\\/neurobiodiversidade.org\\\/wp-content\\\/uploads\\\/2024\\\/07\\\/WhatsApp-Image-2023-09-11-at-15.04.58-e1694710766131.jpeg\",\"datePublished\":\"2024-07-11T17:45:15+00:00\",\"breadcrumb\":{\"@id\":\"https:\\\/\\\/neurobiodiversidade.org\\\/cerebro-de-cetaceos-expansao-da-neurociencia-no-pais\\\/#breadcrumb\"},\"inLanguage\":\"en-US\",\"potentialAction\":[{\"@type\":\"ReadAction\",\"target\":[\"https:\\\/\\\/neurobiodiversidade.org\\\/cerebro-de-cetaceos-expansao-da-neurociencia-no-pais\\\/\"]}]},{\"@type\":\"ImageObject\",\"inLanguage\":\"en-US\",\"@id\":\"https:\\\/\\\/neurobiodiversidade.org\\\/cerebro-de-cetaceos-expansao-da-neurociencia-no-pais\\\/#primaryimage\",\"url\":\"https:\\\/\\\/neurobiodiversidade.org\\\/wp-content\\\/uploads\\\/2024\\\/07\\\/WhatsApp-Image-2023-09-11-at-15.04.58-e1694710766131.jpeg\",\"contentUrl\":\"https:\\\/\\\/neurobiodiversidade.org\\\/wp-content\\\/uploads\\\/2024\\\/07\\\/WhatsApp-Image-2023-09-11-at-15.04.58-e1694710766131.jpeg\",\"width\":768,\"height\":519},{\"@type\":\"BreadcrumbList\",\"@id\":\"https:\\\/\\\/neurobiodiversidade.org\\\/cerebro-de-cetaceos-expansao-da-neurociencia-no-pais\\\/#breadcrumb\",\"itemListElement\":[{\"@type\":\"ListItem\",\"position\":1,\"name\":\"In\u00edcio\",\"item\":\"https:\\\/\\\/neurobiodiversidade.org\\\/\"},{\"@type\":\"ListItem\",\"position\":2,\"name\":\"C\u00e9rebro de Cet\u00e1ceos: expans\u00e3o da neuroci\u00eancia no pa\u00eds\"}]},{\"@type\":\"WebSite\",\"@id\":\"https:\\\/\\\/neurobiodiversidade.org\\\/#website\",\"url\":\"https:\\\/\\\/neurobiodiversidade.org\\\/\",\"name\":\"neurobiodiversidade.org\",\"description\":\"A maior cole\u00e7\u00e3o de c\u00e9rebros de cet\u00e1ceos da Am\u00e9rica Latina\",\"publisher\":{\"@id\":\"https:\\\/\\\/neurobiodiversidade.org\\\/#organization\"},\"potentialAction\":[{\"@type\":\"SearchAction\",\"target\":{\"@type\":\"EntryPoint\",\"urlTemplate\":\"https:\\\/\\\/neurobiodiversidade.org\\\/?s={search_term_string}\"},\"query-input\":{\"@type\":\"PropertyValueSpecification\",\"valueRequired\":true,\"valueName\":\"search_term_string\"}}],\"inLanguage\":\"en-US\"},{\"@type\":\"Organization\",\"@id\":\"https:\\\/\\\/neurobiodiversidade.org\\\/#organization\",\"name\":\"neurobiodiversidade.org\",\"alternateName\":\"RBNB\",\"url\":\"https:\\\/\\\/neurobiodiversidade.org\\\/\",\"logo\":{\"@type\":\"ImageObject\",\"inLanguage\":\"en-US\",\"@id\":\"https:\\\/\\\/neurobiodiversidade.org\\\/#\\\/schema\\\/logo\\\/image\\\/\",\"url\":\"https:\\\/\\\/neurobiodiversidade.org\\\/wp-content\\\/uploads\\\/2024\\\/07\\\/RBNB_colorida_PNG-1.svg\",\"contentUrl\":\"https:\\\/\\\/neurobiodiversidade.org\\\/wp-content\\\/uploads\\\/2024\\\/07\\\/RBNB_colorida_PNG-1.svg\",\"width\":321,\"height\":157,\"caption\":\"neurobiodiversidade.org\"},\"image\":{\"@id\":\"https:\\\/\\\/neurobiodiversidade.org\\\/#\\\/schema\\\/logo\\\/image\\\/\"}},{\"@type\":\"Person\",\"@id\":\"https:\\\/\\\/neurobiodiversidade.org\\\/#\\\/schema\\\/person\\\/a44095ce7254df2eaa04757a8067be22\",\"name\":\"RBNB\",\"image\":{\"@type\":\"ImageObject\",\"inLanguage\":\"en-US\",\"@id\":\"https:\\\/\\\/neurobiodiversidade.org\\\/wp-content\\\/uploads\\\/2024\\\/07\\\/cropped-fav-150x150.jpg\",\"url\":\"https:\\\/\\\/neurobiodiversidade.org\\\/wp-content\\\/uploads\\\/2024\\\/07\\\/cropped-fav-150x150.jpg\",\"contentUrl\":\"https:\\\/\\\/neurobiodiversidade.org\\\/wp-content\\\/uploads\\\/2024\\\/07\\\/cropped-fav-150x150.jpg\",\"caption\":\"RBNB\"},\"sameAs\":[\"http:\\\/\\\/neurobiodiversidade.org\"],\"url\":\"https:\\\/\\\/neurobiodiversidade.org\\\/en\\\/author\\\/kamilla_bioufrj-br\\\/\"}]}<\/script>\n<!-- \/ Yoast SEO plugin. -->","yoast_head_json":{"title":"C\u00e9rebro de Cet\u00e1ceos: expans\u00e3o da neuroci\u00eancia no pa\u00eds - neurobiodiversidade.org","robots":{"index":"index","follow":"follow","max-snippet":"max-snippet:-1","max-image-preview":"max-image-preview:large","max-video-preview":"max-video-preview:-1"},"canonical":"https:\/\/neurobiodiversidade.org\/en\/cerebro-de-cetaceos-expansao-da-neurociencia-no-pais\/","og_locale":"en_US","og_type":"article","og_title":"C\u00e9rebro de Cet\u00e1ceos: expans\u00e3o da neuroci\u00eancia no pa\u00eds - neurobiodiversidade.org","og_description":"Funarbe: Enquanto alguns crescem sonhando em serem astronautas, bombeiros ou atletas, outros possuem a certeza de que a ci\u00eancia e a pesquisa ser\u00e3o o motivo de suas maiores realiza\u00e7\u00f5es profissionais. Foi assim que ainda aos 11 anos, Kamilla Souza, descobriu sua paix\u00e3o pela ci\u00eancia, sendo fortalecida ao longo dos anos e concretizada por meio de [&hellip;]","og_url":"https:\/\/neurobiodiversidade.org\/en\/cerebro-de-cetaceos-expansao-da-neurociencia-no-pais\/","og_site_name":"neurobiodiversidade.org","article_published_time":"2024-07-11T17:45:15+00:00","og_image":[{"width":768,"height":519,"url":"https:\/\/neurobiodiversidade.org\/wp-content\/uploads\/2024\/07\/WhatsApp-Image-2023-09-11-at-15.04.58-e1694710766131.jpeg","type":"image\/jpeg"}],"author":"RBNB","twitter_card":"summary_large_image","twitter_misc":{"Written by":"RBNB"},"schema":{"@context":"https:\/\/schema.org","@graph":[{"@type":"Article","@id":"https:\/\/neurobiodiversidade.org\/cerebro-de-cetaceos-expansao-da-neurociencia-no-pais\/#article","isPartOf":{"@id":"https:\/\/neurobiodiversidade.org\/cerebro-de-cetaceos-expansao-da-neurociencia-no-pais\/"},"author":{"name":"RBNB","@id":"https:\/\/neurobiodiversidade.org\/#\/schema\/person\/a44095ce7254df2eaa04757a8067be22"},"headline":"C\u00e9rebro de Cet\u00e1ceos: expans\u00e3o da neuroci\u00eancia no pa\u00eds","datePublished":"2024-07-11T17:45:15+00:00","mainEntityOfPage":{"@id":"https:\/\/neurobiodiversidade.org\/cerebro-de-cetaceos-expansao-da-neurociencia-no-pais\/"},"wordCount":87,"publisher":{"@id":"https:\/\/neurobiodiversidade.org\/#organization"},"image":{"@id":"https:\/\/neurobiodiversidade.org\/cerebro-de-cetaceos-expansao-da-neurociencia-no-pais\/#primaryimage"},"thumbnailUrl":"https:\/\/neurobiodiversidade.org\/wp-content\/uploads\/2024\/07\/WhatsApp-Image-2023-09-11-at-15.04.58-e1694710766131.jpeg","articleSection":["Na m\u00eddia"],"inLanguage":"en-US"},{"@type":"WebPage","@id":"https:\/\/neurobiodiversidade.org\/cerebro-de-cetaceos-expansao-da-neurociencia-no-pais\/","url":"https:\/\/neurobiodiversidade.org\/cerebro-de-cetaceos-expansao-da-neurociencia-no-pais\/","name":"C\u00e9rebro de Cet\u00e1ceos: expans\u00e3o da neuroci\u00eancia no pa\u00eds - neurobiodiversidade.org","isPartOf":{"@id":"https:\/\/neurobiodiversidade.org\/#website"},"primaryImageOfPage":{"@id":"https:\/\/neurobiodiversidade.org\/cerebro-de-cetaceos-expansao-da-neurociencia-no-pais\/#primaryimage"},"image":{"@id":"https:\/\/neurobiodiversidade.org\/cerebro-de-cetaceos-expansao-da-neurociencia-no-pais\/#primaryimage"},"thumbnailUrl":"https:\/\/neurobiodiversidade.org\/wp-content\/uploads\/2024\/07\/WhatsApp-Image-2023-09-11-at-15.04.58-e1694710766131.jpeg","datePublished":"2024-07-11T17:45:15+00:00","breadcrumb":{"@id":"https:\/\/neurobiodiversidade.org\/cerebro-de-cetaceos-expansao-da-neurociencia-no-pais\/#breadcrumb"},"inLanguage":"en-US","potentialAction":[{"@type":"ReadAction","target":["https:\/\/neurobiodiversidade.org\/cerebro-de-cetaceos-expansao-da-neurociencia-no-pais\/"]}]},{"@type":"ImageObject","inLanguage":"en-US","@id":"https:\/\/neurobiodiversidade.org\/cerebro-de-cetaceos-expansao-da-neurociencia-no-pais\/#primaryimage","url":"https:\/\/neurobiodiversidade.org\/wp-content\/uploads\/2024\/07\/WhatsApp-Image-2023-09-11-at-15.04.58-e1694710766131.jpeg","contentUrl":"https:\/\/neurobiodiversidade.org\/wp-content\/uploads\/2024\/07\/WhatsApp-Image-2023-09-11-at-15.04.58-e1694710766131.jpeg","width":768,"height":519},{"@type":"BreadcrumbList","@id":"https:\/\/neurobiodiversidade.org\/cerebro-de-cetaceos-expansao-da-neurociencia-no-pais\/#breadcrumb","itemListElement":[{"@type":"ListItem","position":1,"name":"In\u00edcio","item":"https:\/\/neurobiodiversidade.org\/"},{"@type":"ListItem","position":2,"name":"C\u00e9rebro de Cet\u00e1ceos: expans\u00e3o da neuroci\u00eancia no pa\u00eds"}]},{"@type":"WebSite","@id":"https:\/\/neurobiodiversidade.org\/#website","url":"https:\/\/neurobiodiversidade.org\/","name":"neurobiodiversidade.org","description":"The largest collection of cetacean brains in Latin America","publisher":{"@id":"https:\/\/neurobiodiversidade.org\/#organization"},"potentialAction":[{"@type":"SearchAction","target":{"@type":"EntryPoint","urlTemplate":"https:\/\/neurobiodiversidade.org\/?s={search_term_string}"},"query-input":{"@type":"PropertyValueSpecification","valueRequired":true,"valueName":"search_term_string"}}],"inLanguage":"en-US"},{"@type":"Organization","@id":"https:\/\/neurobiodiversidade.org\/#organization","name":"neurobiodiversidade.org","alternateName":"RBNB","url":"https:\/\/neurobiodiversidade.org\/","logo":{"@type":"ImageObject","inLanguage":"en-US","@id":"https:\/\/neurobiodiversidade.org\/#\/schema\/logo\/image\/","url":"https:\/\/neurobiodiversidade.org\/wp-content\/uploads\/2024\/07\/RBNB_colorida_PNG-1.svg","contentUrl":"https:\/\/neurobiodiversidade.org\/wp-content\/uploads\/2024\/07\/RBNB_colorida_PNG-1.svg","width":321,"height":157,"caption":"neurobiodiversidade.org"},"image":{"@id":"https:\/\/neurobiodiversidade.org\/#\/schema\/logo\/image\/"}},{"@type":"Person","@id":"https:\/\/neurobiodiversidade.org\/#\/schema\/person\/a44095ce7254df2eaa04757a8067be22","name":"RBNB","image":{"@type":"ImageObject","inLanguage":"en-US","@id":"https:\/\/neurobiodiversidade.org\/wp-content\/uploads\/2024\/07\/cropped-fav-150x150.jpg","url":"https:\/\/neurobiodiversidade.org\/wp-content\/uploads\/2024\/07\/cropped-fav-150x150.jpg","contentUrl":"https:\/\/neurobiodiversidade.org\/wp-content\/uploads\/2024\/07\/cropped-fav-150x150.jpg","caption":"RBNB"},"sameAs":["http:\/\/neurobiodiversidade.org"],"url":"https:\/\/neurobiodiversidade.org\/en\/author\/kamilla_bioufrj-br\/"}]}},"_links":{"self":[{"href":"https:\/\/neurobiodiversidade.org\/en\/wp-json\/wp\/v2\/posts\/2135","targetHints":{"allow":["GET"]}}],"collection":[{"href":"https:\/\/neurobiodiversidade.org\/en\/wp-json\/wp\/v2\/posts"}],"about":[{"href":"https:\/\/neurobiodiversidade.org\/en\/wp-json\/wp\/v2\/types\/post"}],"author":[{"embeddable":true,"href":"https:\/\/neurobiodiversidade.org\/en\/wp-json\/wp\/v2\/users\/1"}],"replies":[{"embeddable":true,"href":"https:\/\/neurobiodiversidade.org\/en\/wp-json\/wp\/v2\/comments?post=2135"}],"version-history":[{"count":1,"href":"https:\/\/neurobiodiversidade.org\/en\/wp-json\/wp\/v2\/posts\/2135\/revisions"}],"predecessor-version":[{"id":2137,"href":"https:\/\/neurobiodiversidade.org\/en\/wp-json\/wp\/v2\/posts\/2135\/revisions\/2137"}],"wp:featuredmedia":[{"embeddable":true,"href":"https:\/\/neurobiodiversidade.org\/en\/wp-json\/wp\/v2\/media\/2136"}],"wp:attachment":[{"href":"https:\/\/neurobiodiversidade.org\/en\/wp-json\/wp\/v2\/media?parent=2135"}],"wp:term":[{"taxonomy":"category","embeddable":true,"href":"https:\/\/neurobiodiversidade.org\/en\/wp-json\/wp\/v2\/categories?post=2135"},{"taxonomy":"post_tag","embeddable":true,"href":"https:\/\/neurobiodiversidade.org\/en\/wp-json\/wp\/v2\/tags?post=2135"}],"curies":[{"name":"wp","href":"https:\/\/api.w.org\/{rel}","templated":true}]}}