{"id":2152,"date":"2024-07-11T18:11:19","date_gmt":"2024-07-11T18:11:19","guid":{"rendered":"https:\/\/neurobiodiversidade.org\/?p=2152"},"modified":"2024-07-11T18:11:19","modified_gmt":"2024-07-11T18:11:19","slug":"primeira-coleta-de-cerebro-de-jubarte-no-brasil-da-inicio-a-parceria-cientifica-inovadora","status":"publish","type":"post","link":"https:\/\/neurobiodiversidade.org\/en\/primeira-coleta-de-cerebro-de-jubarte-no-brasil-da-inicio-a-parceria-cientifica-inovadora\/","title":{"rendered":"Brazil's First Humpback Brain Collection Begins Groundbreaking Scientific Partnership"},"content":{"rendered":"<p>Humpback Whale Project: In its 35 years of work, the Humpback Whale Project has sought to serve as a generator of scientific knowledge and also as a platform from which other researchers can use our structure and knowledge to advance their studies.<\/p>\n\n\n\n<p><a href=\"https:\/\/www.baleiajubarte.org.br\/post\/primeira-coleta-de-c%C3%A9rebro-de-jubarte-no-brasil-d%C3%A1-in%C3%ADcio-a-parceria-cient%C3%ADfica-inovadora\">READ THE FULL ARTICLE<\/a><\/p>","protected":false},"excerpt":{"rendered":"<p>Projeto Baleia Jubarte: Nos seus 35 anos de trabalho, o Projeto Baleia Jubarte tem buscado servir como polo gerador de conhecimento cient\u00edfico e tamb\u00e9m como plataforma a partir da qual outros pesquisadores possam utilizar nossa estrutura e nosso conhecimento para avan\u00e7ar em seus estudos. LEIA A MAT\u00c9RIA COMPLETA<\/p>","protected":false},"author":1,"featured_media":2153,"comment_status":"closed","ping_status":"closed","sticky":false,"template":"","format":"standard","meta":{"footnotes":""},"categories":[10],"tags":[],"class_list":["post-2152","post","type-post","status-publish","format-standard","has-post-thumbnail","hentry","category-na-midia"],"yoast_head":"<!-- This site is optimized with the Yoast SEO plugin v27.5 - https:\/\/yoast.com\/product\/yoast-seo-wordpress\/ -->\n<title>Primeira Coleta de C\u00e9rebro de Jubarte no Brasil d\u00e1 In\u00edcio a Parceria Cient\u00edfica Inovadora - neurobiodiversidade.org<\/title>\n<meta name=\"robots\" content=\"index, follow, max-snippet:-1, max-image-preview:large, max-video-preview:-1\" \/>\n<link rel=\"canonical\" href=\"https:\/\/neurobiodiversidade.org\/en\/primeira-coleta-de-cerebro-de-jubarte-no-brasil-da-inicio-a-parceria-cientifica-inovadora\/\" \/>\n<meta property=\"og:locale\" content=\"en_US\" \/>\n<meta property=\"og:type\" content=\"article\" \/>\n<meta property=\"og:title\" content=\"Primeira Coleta de C\u00e9rebro de Jubarte no Brasil d\u00e1 In\u00edcio a Parceria Cient\u00edfica Inovadora - neurobiodiversidade.org\" \/>\n<meta property=\"og:description\" content=\"Projeto Baleia Jubarte: Nos seus 35 anos de trabalho, o Projeto Baleia Jubarte tem buscado servir como polo gerador de conhecimento cient\u00edfico e tamb\u00e9m como plataforma a partir da qual outros pesquisadores possam utilizar nossa estrutura e nosso conhecimento para avan\u00e7ar em seus estudos. LEIA A MAT\u00c9RIA COMPLETA\" \/>\n<meta property=\"og:url\" content=\"https:\/\/neurobiodiversidade.org\/en\/primeira-coleta-de-cerebro-de-jubarte-no-brasil-da-inicio-a-parceria-cientifica-inovadora\/\" \/>\n<meta property=\"og:site_name\" content=\"neurobiodiversidade.org\" \/>\n<meta property=\"article:published_time\" content=\"2024-07-11T18:11:19+00:00\" \/>\n<meta property=\"og:image\" content=\"https:\/\/neurobiodiversidade.org\/wp-content\/uploads\/2024\/07\/Captura-de-Tela-2024-07-11-as-15.13.25-1024x753.png\" \/>\n\t<meta property=\"og:image:width\" content=\"1024\" \/>\n\t<meta property=\"og:image:height\" content=\"753\" \/>\n\t<meta property=\"og:image:type\" content=\"image\/png\" \/>\n<meta name=\"author\" content=\"RBNB\" \/>\n<meta name=\"twitter:card\" content=\"summary_large_image\" \/>\n<meta name=\"twitter:label1\" content=\"Written by\" \/>\n\t<meta name=\"twitter:data1\" content=\"RBNB\" \/>\n<script type=\"application\/ld+json\" class=\"yoast-schema-graph\">{\"@context\":\"https:\\\/\\\/schema.org\",\"@graph\":[{\"@type\":\"Article\",\"@id\":\"https:\\\/\\\/neurobiodiversidade.org\\\/primeira-coleta-de-cerebro-de-jubarte-no-brasil-da-inicio-a-parceria-cientifica-inovadora\\\/#article\",\"isPartOf\":{\"@id\":\"https:\\\/\\\/neurobiodiversidade.org\\\/primeira-coleta-de-cerebro-de-jubarte-no-brasil-da-inicio-a-parceria-cientifica-inovadora\\\/\"},\"author\":{\"name\":\"RBNB\",\"@id\":\"https:\\\/\\\/neurobiodiversidade.org\\\/#\\\/schema\\\/person\\\/a44095ce7254df2eaa04757a8067be22\"},\"headline\":\"Primeira Coleta de C\u00e9rebro de Jubarte no Brasil d\u00e1 In\u00edcio a Parceria Cient\u00edfica Inovadora\",\"datePublished\":\"2024-07-11T18:11:19+00:00\",\"mainEntityOfPage\":{\"@id\":\"https:\\\/\\\/neurobiodiversidade.org\\\/primeira-coleta-de-cerebro-de-jubarte-no-brasil-da-inicio-a-parceria-cientifica-inovadora\\\/\"},\"wordCount\":68,\"publisher\":{\"@id\":\"https:\\\/\\\/neurobiodiversidade.org\\\/#organization\"},\"image\":{\"@id\":\"https:\\\/\\\/neurobiodiversidade.org\\\/primeira-coleta-de-cerebro-de-jubarte-no-brasil-da-inicio-a-parceria-cientifica-inovadora\\\/#primaryimage\"},\"thumbnailUrl\":\"https:\\\/\\\/neurobiodiversidade.org\\\/wp-content\\\/uploads\\\/2024\\\/07\\\/Captura-de-Tela-2024-07-11-as-15.13.25.png\",\"articleSection\":[\"Na m\u00eddia\"],\"inLanguage\":\"en-US\"},{\"@type\":\"WebPage\",\"@id\":\"https:\\\/\\\/neurobiodiversidade.org\\\/primeira-coleta-de-cerebro-de-jubarte-no-brasil-da-inicio-a-parceria-cientifica-inovadora\\\/\",\"url\":\"https:\\\/\\\/neurobiodiversidade.org\\\/primeira-coleta-de-cerebro-de-jubarte-no-brasil-da-inicio-a-parceria-cientifica-inovadora\\\/\",\"name\":\"Primeira Coleta de C\u00e9rebro de Jubarte no Brasil d\u00e1 In\u00edcio a Parceria Cient\u00edfica Inovadora - neurobiodiversidade.org\",\"isPartOf\":{\"@id\":\"https:\\\/\\\/neurobiodiversidade.org\\\/#website\"},\"primaryImageOfPage\":{\"@id\":\"https:\\\/\\\/neurobiodiversidade.org\\\/primeira-coleta-de-cerebro-de-jubarte-no-brasil-da-inicio-a-parceria-cientifica-inovadora\\\/#primaryimage\"},\"image\":{\"@id\":\"https:\\\/\\\/neurobiodiversidade.org\\\/primeira-coleta-de-cerebro-de-jubarte-no-brasil-da-inicio-a-parceria-cientifica-inovadora\\\/#primaryimage\"},\"thumbnailUrl\":\"https:\\\/\\\/neurobiodiversidade.org\\\/wp-content\\\/uploads\\\/2024\\\/07\\\/Captura-de-Tela-2024-07-11-as-15.13.25.png\",\"datePublished\":\"2024-07-11T18:11:19+00:00\",\"breadcrumb\":{\"@id\":\"https:\\\/\\\/neurobiodiversidade.org\\\/primeira-coleta-de-cerebro-de-jubarte-no-brasil-da-inicio-a-parceria-cientifica-inovadora\\\/#breadcrumb\"},\"inLanguage\":\"en-US\",\"potentialAction\":[{\"@type\":\"ReadAction\",\"target\":[\"https:\\\/\\\/neurobiodiversidade.org\\\/primeira-coleta-de-cerebro-de-jubarte-no-brasil-da-inicio-a-parceria-cientifica-inovadora\\\/\"]}]},{\"@type\":\"ImageObject\",\"inLanguage\":\"en-US\",\"@id\":\"https:\\\/\\\/neurobiodiversidade.org\\\/primeira-coleta-de-cerebro-de-jubarte-no-brasil-da-inicio-a-parceria-cientifica-inovadora\\\/#primaryimage\",\"url\":\"https:\\\/\\\/neurobiodiversidade.org\\\/wp-content\\\/uploads\\\/2024\\\/07\\\/Captura-de-Tela-2024-07-11-as-15.13.25.png\",\"contentUrl\":\"https:\\\/\\\/neurobiodiversidade.org\\\/wp-content\\\/uploads\\\/2024\\\/07\\\/Captura-de-Tela-2024-07-11-as-15.13.25.png\",\"width\":1434,\"height\":1054},{\"@type\":\"BreadcrumbList\",\"@id\":\"https:\\\/\\\/neurobiodiversidade.org\\\/primeira-coleta-de-cerebro-de-jubarte-no-brasil-da-inicio-a-parceria-cientifica-inovadora\\\/#breadcrumb\",\"itemListElement\":[{\"@type\":\"ListItem\",\"position\":1,\"name\":\"In\u00edcio\",\"item\":\"https:\\\/\\\/neurobiodiversidade.org\\\/\"},{\"@type\":\"ListItem\",\"position\":2,\"name\":\"Primeira Coleta de C\u00e9rebro de Jubarte no Brasil d\u00e1 In\u00edcio a Parceria Cient\u00edfica Inovadora\"}]},{\"@type\":\"WebSite\",\"@id\":\"https:\\\/\\\/neurobiodiversidade.org\\\/#website\",\"url\":\"https:\\\/\\\/neurobiodiversidade.org\\\/\",\"name\":\"neurobiodiversidade.org\",\"description\":\"A maior cole\u00e7\u00e3o de c\u00e9rebros de cet\u00e1ceos da Am\u00e9rica Latina\",\"publisher\":{\"@id\":\"https:\\\/\\\/neurobiodiversidade.org\\\/#organization\"},\"potentialAction\":[{\"@type\":\"SearchAction\",\"target\":{\"@type\":\"EntryPoint\",\"urlTemplate\":\"https:\\\/\\\/neurobiodiversidade.org\\\/?s={search_term_string}\"},\"query-input\":{\"@type\":\"PropertyValueSpecification\",\"valueRequired\":true,\"valueName\":\"search_term_string\"}}],\"inLanguage\":\"en-US\"},{\"@type\":\"Organization\",\"@id\":\"https:\\\/\\\/neurobiodiversidade.org\\\/#organization\",\"name\":\"neurobiodiversidade.org\",\"alternateName\":\"RBNB\",\"url\":\"https:\\\/\\\/neurobiodiversidade.org\\\/\",\"logo\":{\"@type\":\"ImageObject\",\"inLanguage\":\"en-US\",\"@id\":\"https:\\\/\\\/neurobiodiversidade.org\\\/#\\\/schema\\\/logo\\\/image\\\/\",\"url\":\"https:\\\/\\\/neurobiodiversidade.org\\\/wp-content\\\/uploads\\\/2024\\\/07\\\/RBNB_colorida_PNG-1.svg\",\"contentUrl\":\"https:\\\/\\\/neurobiodiversidade.org\\\/wp-content\\\/uploads\\\/2024\\\/07\\\/RBNB_colorida_PNG-1.svg\",\"width\":321,\"height\":157,\"caption\":\"neurobiodiversidade.org\"},\"image\":{\"@id\":\"https:\\\/\\\/neurobiodiversidade.org\\\/#\\\/schema\\\/logo\\\/image\\\/\"}},{\"@type\":\"Person\",\"@id\":\"https:\\\/\\\/neurobiodiversidade.org\\\/#\\\/schema\\\/person\\\/a44095ce7254df2eaa04757a8067be22\",\"name\":\"RBNB\",\"image\":{\"@type\":\"ImageObject\",\"inLanguage\":\"en-US\",\"@id\":\"https:\\\/\\\/neurobiodiversidade.org\\\/wp-content\\\/uploads\\\/2024\\\/07\\\/cropped-fav-150x150.jpg\",\"url\":\"https:\\\/\\\/neurobiodiversidade.org\\\/wp-content\\\/uploads\\\/2024\\\/07\\\/cropped-fav-150x150.jpg\",\"contentUrl\":\"https:\\\/\\\/neurobiodiversidade.org\\\/wp-content\\\/uploads\\\/2024\\\/07\\\/cropped-fav-150x150.jpg\",\"caption\":\"RBNB\"},\"sameAs\":[\"http:\\\/\\\/neurobiodiversidade.org\"],\"url\":\"https:\\\/\\\/neurobiodiversidade.org\\\/en\\\/author\\\/kamilla_bioufrj-br\\\/\"}]}<\/script>\n<!-- \/ Yoast SEO plugin. -->","yoast_head_json":{"title":"Primeira Coleta de C\u00e9rebro de Jubarte no Brasil d\u00e1 In\u00edcio a Parceria Cient\u00edfica Inovadora - neurobiodiversidade.org","robots":{"index":"index","follow":"follow","max-snippet":"max-snippet:-1","max-image-preview":"max-image-preview:large","max-video-preview":"max-video-preview:-1"},"canonical":"https:\/\/neurobiodiversidade.org\/en\/primeira-coleta-de-cerebro-de-jubarte-no-brasil-da-inicio-a-parceria-cientifica-inovadora\/","og_locale":"en_US","og_type":"article","og_title":"Primeira Coleta de C\u00e9rebro de Jubarte no Brasil d\u00e1 In\u00edcio a Parceria Cient\u00edfica Inovadora - neurobiodiversidade.org","og_description":"Projeto Baleia Jubarte: Nos seus 35 anos de trabalho, o Projeto Baleia Jubarte tem buscado servir como polo gerador de conhecimento cient\u00edfico e tamb\u00e9m como plataforma a partir da qual outros pesquisadores possam utilizar nossa estrutura e nosso conhecimento para avan\u00e7ar em seus estudos. LEIA A MAT\u00c9RIA COMPLETA","og_url":"https:\/\/neurobiodiversidade.org\/en\/primeira-coleta-de-cerebro-de-jubarte-no-brasil-da-inicio-a-parceria-cientifica-inovadora\/","og_site_name":"neurobiodiversidade.org","article_published_time":"2024-07-11T18:11:19+00:00","og_image":[{"width":1024,"height":753,"url":"https:\/\/neurobiodiversidade.org\/wp-content\/uploads\/2024\/07\/Captura-de-Tela-2024-07-11-as-15.13.25-1024x753.png","type":"image\/png"}],"author":"RBNB","twitter_card":"summary_large_image","twitter_misc":{"Written by":"RBNB"},"schema":{"@context":"https:\/\/schema.org","@graph":[{"@type":"Article","@id":"https:\/\/neurobiodiversidade.org\/primeira-coleta-de-cerebro-de-jubarte-no-brasil-da-inicio-a-parceria-cientifica-inovadora\/#article","isPartOf":{"@id":"https:\/\/neurobiodiversidade.org\/primeira-coleta-de-cerebro-de-jubarte-no-brasil-da-inicio-a-parceria-cientifica-inovadora\/"},"author":{"name":"RBNB","@id":"https:\/\/neurobiodiversidade.org\/#\/schema\/person\/a44095ce7254df2eaa04757a8067be22"},"headline":"Primeira Coleta de C\u00e9rebro de Jubarte no Brasil d\u00e1 In\u00edcio a Parceria Cient\u00edfica Inovadora","datePublished":"2024-07-11T18:11:19+00:00","mainEntityOfPage":{"@id":"https:\/\/neurobiodiversidade.org\/primeira-coleta-de-cerebro-de-jubarte-no-brasil-da-inicio-a-parceria-cientifica-inovadora\/"},"wordCount":68,"publisher":{"@id":"https:\/\/neurobiodiversidade.org\/#organization"},"image":{"@id":"https:\/\/neurobiodiversidade.org\/primeira-coleta-de-cerebro-de-jubarte-no-brasil-da-inicio-a-parceria-cientifica-inovadora\/#primaryimage"},"thumbnailUrl":"https:\/\/neurobiodiversidade.org\/wp-content\/uploads\/2024\/07\/Captura-de-Tela-2024-07-11-as-15.13.25.png","articleSection":["Na m\u00eddia"],"inLanguage":"en-US"},{"@type":"WebPage","@id":"https:\/\/neurobiodiversidade.org\/primeira-coleta-de-cerebro-de-jubarte-no-brasil-da-inicio-a-parceria-cientifica-inovadora\/","url":"https:\/\/neurobiodiversidade.org\/primeira-coleta-de-cerebro-de-jubarte-no-brasil-da-inicio-a-parceria-cientifica-inovadora\/","name":"Primeira Coleta de C\u00e9rebro de Jubarte no Brasil d\u00e1 In\u00edcio a Parceria Cient\u00edfica Inovadora - neurobiodiversidade.org","isPartOf":{"@id":"https:\/\/neurobiodiversidade.org\/#website"},"primaryImageOfPage":{"@id":"https:\/\/neurobiodiversidade.org\/primeira-coleta-de-cerebro-de-jubarte-no-brasil-da-inicio-a-parceria-cientifica-inovadora\/#primaryimage"},"image":{"@id":"https:\/\/neurobiodiversidade.org\/primeira-coleta-de-cerebro-de-jubarte-no-brasil-da-inicio-a-parceria-cientifica-inovadora\/#primaryimage"},"thumbnailUrl":"https:\/\/neurobiodiversidade.org\/wp-content\/uploads\/2024\/07\/Captura-de-Tela-2024-07-11-as-15.13.25.png","datePublished":"2024-07-11T18:11:19+00:00","breadcrumb":{"@id":"https:\/\/neurobiodiversidade.org\/primeira-coleta-de-cerebro-de-jubarte-no-brasil-da-inicio-a-parceria-cientifica-inovadora\/#breadcrumb"},"inLanguage":"en-US","potentialAction":[{"@type":"ReadAction","target":["https:\/\/neurobiodiversidade.org\/primeira-coleta-de-cerebro-de-jubarte-no-brasil-da-inicio-a-parceria-cientifica-inovadora\/"]}]},{"@type":"ImageObject","inLanguage":"en-US","@id":"https:\/\/neurobiodiversidade.org\/primeira-coleta-de-cerebro-de-jubarte-no-brasil-da-inicio-a-parceria-cientifica-inovadora\/#primaryimage","url":"https:\/\/neurobiodiversidade.org\/wp-content\/uploads\/2024\/07\/Captura-de-Tela-2024-07-11-as-15.13.25.png","contentUrl":"https:\/\/neurobiodiversidade.org\/wp-content\/uploads\/2024\/07\/Captura-de-Tela-2024-07-11-as-15.13.25.png","width":1434,"height":1054},{"@type":"BreadcrumbList","@id":"https:\/\/neurobiodiversidade.org\/primeira-coleta-de-cerebro-de-jubarte-no-brasil-da-inicio-a-parceria-cientifica-inovadora\/#breadcrumb","itemListElement":[{"@type":"ListItem","position":1,"name":"In\u00edcio","item":"https:\/\/neurobiodiversidade.org\/"},{"@type":"ListItem","position":2,"name":"Primeira Coleta de C\u00e9rebro de Jubarte no Brasil d\u00e1 In\u00edcio a Parceria Cient\u00edfica Inovadora"}]},{"@type":"WebSite","@id":"https:\/\/neurobiodiversidade.org\/#website","url":"https:\/\/neurobiodiversidade.org\/","name":"neurobiodiversidade.org","description":"The largest collection of cetacean brains in Latin America","publisher":{"@id":"https:\/\/neurobiodiversidade.org\/#organization"},"potentialAction":[{"@type":"SearchAction","target":{"@type":"EntryPoint","urlTemplate":"https:\/\/neurobiodiversidade.org\/?s={search_term_string}"},"query-input":{"@type":"PropertyValueSpecification","valueRequired":true,"valueName":"search_term_string"}}],"inLanguage":"en-US"},{"@type":"Organization","@id":"https:\/\/neurobiodiversidade.org\/#organization","name":"neurobiodiversidade.org","alternateName":"RBNB","url":"https:\/\/neurobiodiversidade.org\/","logo":{"@type":"ImageObject","inLanguage":"en-US","@id":"https:\/\/neurobiodiversidade.org\/#\/schema\/logo\/image\/","url":"https:\/\/neurobiodiversidade.org\/wp-content\/uploads\/2024\/07\/RBNB_colorida_PNG-1.svg","contentUrl":"https:\/\/neurobiodiversidade.org\/wp-content\/uploads\/2024\/07\/RBNB_colorida_PNG-1.svg","width":321,"height":157,"caption":"neurobiodiversidade.org"},"image":{"@id":"https:\/\/neurobiodiversidade.org\/#\/schema\/logo\/image\/"}},{"@type":"Person","@id":"https:\/\/neurobiodiversidade.org\/#\/schema\/person\/a44095ce7254df2eaa04757a8067be22","name":"RBNB","image":{"@type":"ImageObject","inLanguage":"en-US","@id":"https:\/\/neurobiodiversidade.org\/wp-content\/uploads\/2024\/07\/cropped-fav-150x150.jpg","url":"https:\/\/neurobiodiversidade.org\/wp-content\/uploads\/2024\/07\/cropped-fav-150x150.jpg","contentUrl":"https:\/\/neurobiodiversidade.org\/wp-content\/uploads\/2024\/07\/cropped-fav-150x150.jpg","caption":"RBNB"},"sameAs":["http:\/\/neurobiodiversidade.org"],"url":"https:\/\/neurobiodiversidade.org\/en\/author\/kamilla_bioufrj-br\/"}]}},"_links":{"self":[{"href":"https:\/\/neurobiodiversidade.org\/en\/wp-json\/wp\/v2\/posts\/2152","targetHints":{"allow":["GET"]}}],"collection":[{"href":"https:\/\/neurobiodiversidade.org\/en\/wp-json\/wp\/v2\/posts"}],"about":[{"href":"https:\/\/neurobiodiversidade.org\/en\/wp-json\/wp\/v2\/types\/post"}],"author":[{"embeddable":true,"href":"https:\/\/neurobiodiversidade.org\/en\/wp-json\/wp\/v2\/users\/1"}],"replies":[{"embeddable":true,"href":"https:\/\/neurobiodiversidade.org\/en\/wp-json\/wp\/v2\/comments?post=2152"}],"version-history":[{"count":1,"href":"https:\/\/neurobiodiversidade.org\/en\/wp-json\/wp\/v2\/posts\/2152\/revisions"}],"predecessor-version":[{"id":2154,"href":"https:\/\/neurobiodiversidade.org\/en\/wp-json\/wp\/v2\/posts\/2152\/revisions\/2154"}],"wp:featuredmedia":[{"embeddable":true,"href":"https:\/\/neurobiodiversidade.org\/en\/wp-json\/wp\/v2\/media\/2153"}],"wp:attachment":[{"href":"https:\/\/neurobiodiversidade.org\/en\/wp-json\/wp\/v2\/media?parent=2152"}],"wp:term":[{"taxonomy":"category","embeddable":true,"href":"https:\/\/neurobiodiversidade.org\/en\/wp-json\/wp\/v2\/categories?post=2152"},{"taxonomy":"post_tag","embeddable":true,"href":"https:\/\/neurobiodiversidade.org\/en\/wp-json\/wp\/v2\/tags?post=2152"}],"curies":[{"name":"wp","href":"https:\/\/api.w.org\/{rel}","templated":true}]}}