{"id":2163,"date":"2024-07-11T18:38:52","date_gmt":"2024-07-11T18:38:52","guid":{"rendered":"https:\/\/neurobiodiversidade.org\/?p=2163"},"modified":"2024-07-11T18:39:58","modified_gmt":"2024-07-11T18:39:58","slug":"a-historia-da-pesquisadora-que-coletou-cerebros-de-baleia-na-bahia-e-desenvolveu-estudo-pioneiro","status":"publish","type":"post","link":"https:\/\/neurobiodiversidade.org\/en\/a-historia-da-pesquisadora-que-coletou-cerebros-de-baleia-na-bahia-e-desenvolveu-estudo-pioneiro\/","title":{"rendered":"The story of the researcher who collected whale brains in Bahia and developed a pioneering study"},"content":{"rendered":"<p>Correio 24 horas: Researcher Kamilla Souza had just sat down to breakfast with her colleagues at the Baleia Jubarte Institute (IBJ) in Caravelas, in the far south of Bahia, when one of their cell phones rang. On the other end of the line was a fisherman who had spotted a whale floating by. It was the start of a journey that would lead to a pioneering study on whale brains in the country.<br><a href=\"https:\/\/www.correio24horas.com.br\/asteriscao\/a-historia-da-pesquisadora-que-coletou-cerebros-de-baleia-na-bahia-e-desenvolveu-estudo-pioneiro-0624\">READ THE FULL ARTICLE<\/a><\/p>","protected":false},"excerpt":{"rendered":"<p>Correio 24 horas: A pesquisadora Kamilla Souza tinha acabado de sentar para tomar caf\u00e9 da manh\u00e3 com os colegas no Instituto Baleia Jubarte (IBJ), em Caravelas, no Extremo Sul baiano, quando o celular de um deles tocou. Do outro lado da linha, um pescador que tinha avistado uma baleia boiando. Era o in\u00edcio de uma [&hellip;]<\/p>\n","protected":false},"author":1,"featured_media":2167,"comment_status":"closed","ping_status":"closed","sticky":false,"template":"","format":"standard","meta":{"footnotes":""},"categories":[10],"tags":[],"class_list":["post-2163","post","type-post","status-publish","format-standard","has-post-thumbnail","hentry","category-na-midia"],"yoast_head":"<!-- This site is optimized with the Yoast SEO plugin v27.5 - https:\/\/yoast.com\/product\/yoast-seo-wordpress\/ -->\n<title>A hist\u00f3ria da pesquisadora que coletou c\u00e9rebros de baleia na Bahia e desenvolveu estudo pioneiro - neurobiodiversidade.org<\/title>\n<meta name=\"robots\" content=\"index, follow, max-snippet:-1, max-image-preview:large, max-video-preview:-1\" \/>\n<link rel=\"canonical\" href=\"https:\/\/neurobiodiversidade.org\/en\/a-historia-da-pesquisadora-que-coletou-cerebros-de-baleia-na-bahia-e-desenvolveu-estudo-pioneiro\/\" \/>\n<meta property=\"og:locale\" content=\"en_US\" \/>\n<meta property=\"og:type\" content=\"article\" \/>\n<meta property=\"og:title\" content=\"A hist\u00f3ria da pesquisadora que coletou c\u00e9rebros de baleia na Bahia e desenvolveu estudo pioneiro - neurobiodiversidade.org\" \/>\n<meta property=\"og:description\" content=\"Correio 24 horas: A pesquisadora Kamilla Souza tinha acabado de sentar para tomar caf\u00e9 da manh\u00e3 com os colegas no Instituto Baleia Jubarte (IBJ), em Caravelas, no Extremo Sul baiano, quando o celular de um deles tocou. Do outro lado da linha, um pescador que tinha avistado uma baleia boiando. Era o in\u00edcio de uma [&hellip;]\" \/>\n<meta property=\"og:url\" content=\"https:\/\/neurobiodiversidade.org\/en\/a-historia-da-pesquisadora-que-coletou-cerebros-de-baleia-na-bahia-e-desenvolveu-estudo-pioneiro\/\" \/>\n<meta property=\"og:site_name\" content=\"neurobiodiversidade.org\" \/>\n<meta property=\"article:published_time\" content=\"2024-07-11T18:38:52+00:00\" \/>\n<meta property=\"article:modified_time\" content=\"2024-07-11T18:39:58+00:00\" \/>\n<meta property=\"og:image\" content=\"https:\/\/neurobiodiversidade.org\/wp-content\/uploads\/2024\/07\/IMG_9948-scaled.jpg\" \/>\n\t<meta property=\"og:image:width\" content=\"2560\" \/>\n\t<meta property=\"og:image:height\" content=\"1707\" \/>\n\t<meta property=\"og:image:type\" content=\"image\/jpeg\" \/>\n<meta name=\"author\" content=\"RBNB\" \/>\n<meta name=\"twitter:card\" content=\"summary_large_image\" \/>\n<meta name=\"twitter:label1\" content=\"Written by\" \/>\n\t<meta name=\"twitter:data1\" content=\"RBNB\" \/>\n<script type=\"application\/ld+json\" class=\"yoast-schema-graph\">{\"@context\":\"https:\\\/\\\/schema.org\",\"@graph\":[{\"@type\":\"Article\",\"@id\":\"https:\\\/\\\/neurobiodiversidade.org\\\/a-historia-da-pesquisadora-que-coletou-cerebros-de-baleia-na-bahia-e-desenvolveu-estudo-pioneiro\\\/#article\",\"isPartOf\":{\"@id\":\"https:\\\/\\\/neurobiodiversidade.org\\\/a-historia-da-pesquisadora-que-coletou-cerebros-de-baleia-na-bahia-e-desenvolveu-estudo-pioneiro\\\/\"},\"author\":{\"name\":\"RBNB\",\"@id\":\"https:\\\/\\\/neurobiodiversidade.org\\\/#\\\/schema\\\/person\\\/a44095ce7254df2eaa04757a8067be22\"},\"headline\":\"A hist\u00f3ria da pesquisadora que coletou c\u00e9rebros de baleia na Bahia e desenvolveu estudo pioneiro\",\"datePublished\":\"2024-07-11T18:38:52+00:00\",\"dateModified\":\"2024-07-11T18:39:58+00:00\",\"mainEntityOfPage\":{\"@id\":\"https:\\\/\\\/neurobiodiversidade.org\\\/a-historia-da-pesquisadora-que-coletou-cerebros-de-baleia-na-bahia-e-desenvolveu-estudo-pioneiro\\\/\"},\"wordCount\":92,\"publisher\":{\"@id\":\"https:\\\/\\\/neurobiodiversidade.org\\\/#organization\"},\"image\":{\"@id\":\"https:\\\/\\\/neurobiodiversidade.org\\\/a-historia-da-pesquisadora-que-coletou-cerebros-de-baleia-na-bahia-e-desenvolveu-estudo-pioneiro\\\/#primaryimage\"},\"thumbnailUrl\":\"https:\\\/\\\/neurobiodiversidade.org\\\/wp-content\\\/uploads\\\/2024\\\/07\\\/IMG_9948-scaled.jpg\",\"articleSection\":[\"Na m\u00eddia\"],\"inLanguage\":\"en-US\"},{\"@type\":\"WebPage\",\"@id\":\"https:\\\/\\\/neurobiodiversidade.org\\\/a-historia-da-pesquisadora-que-coletou-cerebros-de-baleia-na-bahia-e-desenvolveu-estudo-pioneiro\\\/\",\"url\":\"https:\\\/\\\/neurobiodiversidade.org\\\/a-historia-da-pesquisadora-que-coletou-cerebros-de-baleia-na-bahia-e-desenvolveu-estudo-pioneiro\\\/\",\"name\":\"A hist\u00f3ria da pesquisadora que coletou c\u00e9rebros de baleia na Bahia e desenvolveu estudo pioneiro - neurobiodiversidade.org\",\"isPartOf\":{\"@id\":\"https:\\\/\\\/neurobiodiversidade.org\\\/#website\"},\"primaryImageOfPage\":{\"@id\":\"https:\\\/\\\/neurobiodiversidade.org\\\/a-historia-da-pesquisadora-que-coletou-cerebros-de-baleia-na-bahia-e-desenvolveu-estudo-pioneiro\\\/#primaryimage\"},\"image\":{\"@id\":\"https:\\\/\\\/neurobiodiversidade.org\\\/a-historia-da-pesquisadora-que-coletou-cerebros-de-baleia-na-bahia-e-desenvolveu-estudo-pioneiro\\\/#primaryimage\"},\"thumbnailUrl\":\"https:\\\/\\\/neurobiodiversidade.org\\\/wp-content\\\/uploads\\\/2024\\\/07\\\/IMG_9948-scaled.jpg\",\"datePublished\":\"2024-07-11T18:38:52+00:00\",\"dateModified\":\"2024-07-11T18:39:58+00:00\",\"breadcrumb\":{\"@id\":\"https:\\\/\\\/neurobiodiversidade.org\\\/a-historia-da-pesquisadora-que-coletou-cerebros-de-baleia-na-bahia-e-desenvolveu-estudo-pioneiro\\\/#breadcrumb\"},\"inLanguage\":\"en-US\",\"potentialAction\":[{\"@type\":\"ReadAction\",\"target\":[\"https:\\\/\\\/neurobiodiversidade.org\\\/a-historia-da-pesquisadora-que-coletou-cerebros-de-baleia-na-bahia-e-desenvolveu-estudo-pioneiro\\\/\"]}]},{\"@type\":\"ImageObject\",\"inLanguage\":\"en-US\",\"@id\":\"https:\\\/\\\/neurobiodiversidade.org\\\/a-historia-da-pesquisadora-que-coletou-cerebros-de-baleia-na-bahia-e-desenvolveu-estudo-pioneiro\\\/#primaryimage\",\"url\":\"https:\\\/\\\/neurobiodiversidade.org\\\/wp-content\\\/uploads\\\/2024\\\/07\\\/IMG_9948-scaled.jpg\",\"contentUrl\":\"https:\\\/\\\/neurobiodiversidade.org\\\/wp-content\\\/uploads\\\/2024\\\/07\\\/IMG_9948-scaled.jpg\",\"width\":2560,\"height\":1707},{\"@type\":\"BreadcrumbList\",\"@id\":\"https:\\\/\\\/neurobiodiversidade.org\\\/a-historia-da-pesquisadora-que-coletou-cerebros-de-baleia-na-bahia-e-desenvolveu-estudo-pioneiro\\\/#breadcrumb\",\"itemListElement\":[{\"@type\":\"ListItem\",\"position\":1,\"name\":\"In\u00edcio\",\"item\":\"https:\\\/\\\/neurobiodiversidade.org\\\/\"},{\"@type\":\"ListItem\",\"position\":2,\"name\":\"A hist\u00f3ria da pesquisadora que coletou c\u00e9rebros de baleia na Bahia e desenvolveu estudo pioneiro\"}]},{\"@type\":\"WebSite\",\"@id\":\"https:\\\/\\\/neurobiodiversidade.org\\\/#website\",\"url\":\"https:\\\/\\\/neurobiodiversidade.org\\\/\",\"name\":\"neurobiodiversidade.org\",\"description\":\"A maior cole\u00e7\u00e3o de c\u00e9rebros de cet\u00e1ceos da Am\u00e9rica Latina\",\"publisher\":{\"@id\":\"https:\\\/\\\/neurobiodiversidade.org\\\/#organization\"},\"potentialAction\":[{\"@type\":\"SearchAction\",\"target\":{\"@type\":\"EntryPoint\",\"urlTemplate\":\"https:\\\/\\\/neurobiodiversidade.org\\\/?s={search_term_string}\"},\"query-input\":{\"@type\":\"PropertyValueSpecification\",\"valueRequired\":true,\"valueName\":\"search_term_string\"}}],\"inLanguage\":\"en-US\"},{\"@type\":\"Organization\",\"@id\":\"https:\\\/\\\/neurobiodiversidade.org\\\/#organization\",\"name\":\"neurobiodiversidade.org\",\"alternateName\":\"RBNB\",\"url\":\"https:\\\/\\\/neurobiodiversidade.org\\\/\",\"logo\":{\"@type\":\"ImageObject\",\"inLanguage\":\"en-US\",\"@id\":\"https:\\\/\\\/neurobiodiversidade.org\\\/#\\\/schema\\\/logo\\\/image\\\/\",\"url\":\"https:\\\/\\\/neurobiodiversidade.org\\\/wp-content\\\/uploads\\\/2024\\\/07\\\/RBNB_colorida_PNG-1.svg\",\"contentUrl\":\"https:\\\/\\\/neurobiodiversidade.org\\\/wp-content\\\/uploads\\\/2024\\\/07\\\/RBNB_colorida_PNG-1.svg\",\"width\":321,\"height\":157,\"caption\":\"neurobiodiversidade.org\"},\"image\":{\"@id\":\"https:\\\/\\\/neurobiodiversidade.org\\\/#\\\/schema\\\/logo\\\/image\\\/\"}},{\"@type\":\"Person\",\"@id\":\"https:\\\/\\\/neurobiodiversidade.org\\\/#\\\/schema\\\/person\\\/a44095ce7254df2eaa04757a8067be22\",\"name\":\"RBNB\",\"image\":{\"@type\":\"ImageObject\",\"inLanguage\":\"en-US\",\"@id\":\"https:\\\/\\\/neurobiodiversidade.org\\\/wp-content\\\/uploads\\\/2024\\\/07\\\/cropped-fav-150x150.jpg\",\"url\":\"https:\\\/\\\/neurobiodiversidade.org\\\/wp-content\\\/uploads\\\/2024\\\/07\\\/cropped-fav-150x150.jpg\",\"contentUrl\":\"https:\\\/\\\/neurobiodiversidade.org\\\/wp-content\\\/uploads\\\/2024\\\/07\\\/cropped-fav-150x150.jpg\",\"caption\":\"RBNB\"},\"sameAs\":[\"http:\\\/\\\/neurobiodiversidade.org\"],\"url\":\"https:\\\/\\\/neurobiodiversidade.org\\\/en\\\/author\\\/kamilla_bioufrj-br\\\/\"}]}<\/script>\n<!-- \/ Yoast SEO plugin. -->","yoast_head_json":{"title":"A hist\u00f3ria da pesquisadora que coletou c\u00e9rebros de baleia na Bahia e desenvolveu estudo pioneiro - neurobiodiversidade.org","robots":{"index":"index","follow":"follow","max-snippet":"max-snippet:-1","max-image-preview":"max-image-preview:large","max-video-preview":"max-video-preview:-1"},"canonical":"https:\/\/neurobiodiversidade.org\/en\/a-historia-da-pesquisadora-que-coletou-cerebros-de-baleia-na-bahia-e-desenvolveu-estudo-pioneiro\/","og_locale":"en_US","og_type":"article","og_title":"A hist\u00f3ria da pesquisadora que coletou c\u00e9rebros de baleia na Bahia e desenvolveu estudo pioneiro - neurobiodiversidade.org","og_description":"Correio 24 horas: A pesquisadora Kamilla Souza tinha acabado de sentar para tomar caf\u00e9 da manh\u00e3 com os colegas no Instituto Baleia Jubarte (IBJ), em Caravelas, no Extremo Sul baiano, quando o celular de um deles tocou. Do outro lado da linha, um pescador que tinha avistado uma baleia boiando. Era o in\u00edcio de uma [&hellip;]","og_url":"https:\/\/neurobiodiversidade.org\/en\/a-historia-da-pesquisadora-que-coletou-cerebros-de-baleia-na-bahia-e-desenvolveu-estudo-pioneiro\/","og_site_name":"neurobiodiversidade.org","article_published_time":"2024-07-11T18:38:52+00:00","article_modified_time":"2024-07-11T18:39:58+00:00","og_image":[{"width":2560,"height":1707,"url":"https:\/\/neurobiodiversidade.org\/wp-content\/uploads\/2024\/07\/IMG_9948-scaled.jpg","type":"image\/jpeg"}],"author":"RBNB","twitter_card":"summary_large_image","twitter_misc":{"Written by":"RBNB"},"schema":{"@context":"https:\/\/schema.org","@graph":[{"@type":"Article","@id":"https:\/\/neurobiodiversidade.org\/a-historia-da-pesquisadora-que-coletou-cerebros-de-baleia-na-bahia-e-desenvolveu-estudo-pioneiro\/#article","isPartOf":{"@id":"https:\/\/neurobiodiversidade.org\/a-historia-da-pesquisadora-que-coletou-cerebros-de-baleia-na-bahia-e-desenvolveu-estudo-pioneiro\/"},"author":{"name":"RBNB","@id":"https:\/\/neurobiodiversidade.org\/#\/schema\/person\/a44095ce7254df2eaa04757a8067be22"},"headline":"A hist\u00f3ria da pesquisadora que coletou c\u00e9rebros de baleia na Bahia e desenvolveu estudo pioneiro","datePublished":"2024-07-11T18:38:52+00:00","dateModified":"2024-07-11T18:39:58+00:00","mainEntityOfPage":{"@id":"https:\/\/neurobiodiversidade.org\/a-historia-da-pesquisadora-que-coletou-cerebros-de-baleia-na-bahia-e-desenvolveu-estudo-pioneiro\/"},"wordCount":92,"publisher":{"@id":"https:\/\/neurobiodiversidade.org\/#organization"},"image":{"@id":"https:\/\/neurobiodiversidade.org\/a-historia-da-pesquisadora-que-coletou-cerebros-de-baleia-na-bahia-e-desenvolveu-estudo-pioneiro\/#primaryimage"},"thumbnailUrl":"https:\/\/neurobiodiversidade.org\/wp-content\/uploads\/2024\/07\/IMG_9948-scaled.jpg","articleSection":["Na m\u00eddia"],"inLanguage":"en-US"},{"@type":"WebPage","@id":"https:\/\/neurobiodiversidade.org\/a-historia-da-pesquisadora-que-coletou-cerebros-de-baleia-na-bahia-e-desenvolveu-estudo-pioneiro\/","url":"https:\/\/neurobiodiversidade.org\/a-historia-da-pesquisadora-que-coletou-cerebros-de-baleia-na-bahia-e-desenvolveu-estudo-pioneiro\/","name":"A hist\u00f3ria da pesquisadora que coletou c\u00e9rebros de baleia na Bahia e desenvolveu estudo pioneiro - neurobiodiversidade.org","isPartOf":{"@id":"https:\/\/neurobiodiversidade.org\/#website"},"primaryImageOfPage":{"@id":"https:\/\/neurobiodiversidade.org\/a-historia-da-pesquisadora-que-coletou-cerebros-de-baleia-na-bahia-e-desenvolveu-estudo-pioneiro\/#primaryimage"},"image":{"@id":"https:\/\/neurobiodiversidade.org\/a-historia-da-pesquisadora-que-coletou-cerebros-de-baleia-na-bahia-e-desenvolveu-estudo-pioneiro\/#primaryimage"},"thumbnailUrl":"https:\/\/neurobiodiversidade.org\/wp-content\/uploads\/2024\/07\/IMG_9948-scaled.jpg","datePublished":"2024-07-11T18:38:52+00:00","dateModified":"2024-07-11T18:39:58+00:00","breadcrumb":{"@id":"https:\/\/neurobiodiversidade.org\/a-historia-da-pesquisadora-que-coletou-cerebros-de-baleia-na-bahia-e-desenvolveu-estudo-pioneiro\/#breadcrumb"},"inLanguage":"en-US","potentialAction":[{"@type":"ReadAction","target":["https:\/\/neurobiodiversidade.org\/a-historia-da-pesquisadora-que-coletou-cerebros-de-baleia-na-bahia-e-desenvolveu-estudo-pioneiro\/"]}]},{"@type":"ImageObject","inLanguage":"en-US","@id":"https:\/\/neurobiodiversidade.org\/a-historia-da-pesquisadora-que-coletou-cerebros-de-baleia-na-bahia-e-desenvolveu-estudo-pioneiro\/#primaryimage","url":"https:\/\/neurobiodiversidade.org\/wp-content\/uploads\/2024\/07\/IMG_9948-scaled.jpg","contentUrl":"https:\/\/neurobiodiversidade.org\/wp-content\/uploads\/2024\/07\/IMG_9948-scaled.jpg","width":2560,"height":1707},{"@type":"BreadcrumbList","@id":"https:\/\/neurobiodiversidade.org\/a-historia-da-pesquisadora-que-coletou-cerebros-de-baleia-na-bahia-e-desenvolveu-estudo-pioneiro\/#breadcrumb","itemListElement":[{"@type":"ListItem","position":1,"name":"In\u00edcio","item":"https:\/\/neurobiodiversidade.org\/"},{"@type":"ListItem","position":2,"name":"A hist\u00f3ria da pesquisadora que coletou c\u00e9rebros de baleia na Bahia e desenvolveu estudo pioneiro"}]},{"@type":"WebSite","@id":"https:\/\/neurobiodiversidade.org\/#website","url":"https:\/\/neurobiodiversidade.org\/","name":"neurobiodiversidade.org","description":"The largest collection of cetacean brains in Latin America","publisher":{"@id":"https:\/\/neurobiodiversidade.org\/#organization"},"potentialAction":[{"@type":"SearchAction","target":{"@type":"EntryPoint","urlTemplate":"https:\/\/neurobiodiversidade.org\/?s={search_term_string}"},"query-input":{"@type":"PropertyValueSpecification","valueRequired":true,"valueName":"search_term_string"}}],"inLanguage":"en-US"},{"@type":"Organization","@id":"https:\/\/neurobiodiversidade.org\/#organization","name":"neurobiodiversidade.org","alternateName":"RBNB","url":"https:\/\/neurobiodiversidade.org\/","logo":{"@type":"ImageObject","inLanguage":"en-US","@id":"https:\/\/neurobiodiversidade.org\/#\/schema\/logo\/image\/","url":"https:\/\/neurobiodiversidade.org\/wp-content\/uploads\/2024\/07\/RBNB_colorida_PNG-1.svg","contentUrl":"https:\/\/neurobiodiversidade.org\/wp-content\/uploads\/2024\/07\/RBNB_colorida_PNG-1.svg","width":321,"height":157,"caption":"neurobiodiversidade.org"},"image":{"@id":"https:\/\/neurobiodiversidade.org\/#\/schema\/logo\/image\/"}},{"@type":"Person","@id":"https:\/\/neurobiodiversidade.org\/#\/schema\/person\/a44095ce7254df2eaa04757a8067be22","name":"RBNB","image":{"@type":"ImageObject","inLanguage":"en-US","@id":"https:\/\/neurobiodiversidade.org\/wp-content\/uploads\/2024\/07\/cropped-fav-150x150.jpg","url":"https:\/\/neurobiodiversidade.org\/wp-content\/uploads\/2024\/07\/cropped-fav-150x150.jpg","contentUrl":"https:\/\/neurobiodiversidade.org\/wp-content\/uploads\/2024\/07\/cropped-fav-150x150.jpg","caption":"RBNB"},"sameAs":["http:\/\/neurobiodiversidade.org"],"url":"https:\/\/neurobiodiversidade.org\/en\/author\/kamilla_bioufrj-br\/"}]}},"_links":{"self":[{"href":"https:\/\/neurobiodiversidade.org\/en\/wp-json\/wp\/v2\/posts\/2163","targetHints":{"allow":["GET"]}}],"collection":[{"href":"https:\/\/neurobiodiversidade.org\/en\/wp-json\/wp\/v2\/posts"}],"about":[{"href":"https:\/\/neurobiodiversidade.org\/en\/wp-json\/wp\/v2\/types\/post"}],"author":[{"embeddable":true,"href":"https:\/\/neurobiodiversidade.org\/en\/wp-json\/wp\/v2\/users\/1"}],"replies":[{"embeddable":true,"href":"https:\/\/neurobiodiversidade.org\/en\/wp-json\/wp\/v2\/comments?post=2163"}],"version-history":[{"count":1,"href":"https:\/\/neurobiodiversidade.org\/en\/wp-json\/wp\/v2\/posts\/2163\/revisions"}],"predecessor-version":[{"id":2166,"href":"https:\/\/neurobiodiversidade.org\/en\/wp-json\/wp\/v2\/posts\/2163\/revisions\/2166"}],"wp:featuredmedia":[{"embeddable":true,"href":"https:\/\/neurobiodiversidade.org\/en\/wp-json\/wp\/v2\/media\/2167"}],"wp:attachment":[{"href":"https:\/\/neurobiodiversidade.org\/en\/wp-json\/wp\/v2\/media?parent=2163"}],"wp:term":[{"taxonomy":"category","embeddable":true,"href":"https:\/\/neurobiodiversidade.org\/en\/wp-json\/wp\/v2\/categories?post=2163"},{"taxonomy":"post_tag","embeddable":true,"href":"https:\/\/neurobiodiversidade.org\/en\/wp-json\/wp\/v2\/tags?post=2163"}],"curies":[{"name":"wp","href":"https:\/\/api.w.org\/{rel}","templated":true}]}}