{"id":2168,"date":"2024-07-11T18:42:08","date_gmt":"2024-07-11T18:42:08","guid":{"rendered":"https:\/\/neurobiodiversidade.org\/?p=2168"},"modified":"2024-07-11T18:42:08","modified_gmt":"2024-07-11T18:42:08","slug":"bahia-deve-ganhar-geladeira-de-cerebros-de-baleia-entenda","status":"publish","type":"post","link":"https:\/\/neurobiodiversidade.org\/en\/bahia-deve-ganhar-geladeira-de-cerebros-de-baleia-entenda\/","title":{"rendered":"Bahia should get a whale brain refrigerator; understand"},"content":{"rendered":"<p>Correio 24h: For the time being, the whale brains collected in Caravelas, in the south of Bahia, are still there, at the headquarters of the Humpback Whale Institute (IBJ). They are stored in containers with formaldehyde, but this should change soon. Researcher Kamilla Souza's idea is to set up a second brain refrigerator for research. In addition to the refrigerator that has 50 dolphin brains at the Federal University of Rio de Janeiro (UFRJ), the plan is to have a new piece of equipment in Bahia, at the IBJ.<br><a href=\"https:\/\/www.correio24horas.com.br\/asteriscao\/bahia-deve-ganhar-geladeira-de-cerebros-de-baleia-entenda-0624\">READ THE FULL ARTICLE<\/a><\/p>","protected":false},"excerpt":{"rendered":"<p>Correio 24h: Por enquanto, os c\u00e9rebros de baleia coletados em Caravelas, no Sul da Bahia, continuam l\u00e1, na sede do Instituto Baleia Jubarte (IBJ). Eles est\u00e3o armazenados em recipientes com formol, mas isso deve mudar em breve. A ideia da pesquisadora Kamilla Souza \u00e9 implantar uma segunda geladeira de c\u00e9rebros para pesquisa. Al\u00e9m do refrigerador [&hellip;]<\/p>\n","protected":false},"author":1,"featured_media":2169,"comment_status":"closed","ping_status":"closed","sticky":false,"template":"","format":"standard","meta":{"footnotes":""},"categories":[10],"tags":[],"class_list":["post-2168","post","type-post","status-publish","format-standard","has-post-thumbnail","hentry","category-na-midia"],"yoast_head":"<!-- This site is optimized with the Yoast SEO plugin v27.5 - https:\/\/yoast.com\/product\/yoast-seo-wordpress\/ -->\n<title>Bahia deve ganhar geladeira de c\u00e9rebros de baleia; entenda - neurobiodiversidade.org<\/title>\n<meta name=\"robots\" content=\"index, follow, max-snippet:-1, max-image-preview:large, max-video-preview:-1\" \/>\n<link rel=\"canonical\" href=\"https:\/\/neurobiodiversidade.org\/en\/bahia-deve-ganhar-geladeira-de-cerebros-de-baleia-entenda\/\" \/>\n<meta property=\"og:locale\" content=\"en_US\" \/>\n<meta property=\"og:type\" content=\"article\" \/>\n<meta property=\"og:title\" content=\"Bahia deve ganhar geladeira de c\u00e9rebros de baleia; entenda - neurobiodiversidade.org\" \/>\n<meta property=\"og:description\" content=\"Correio 24h: Por enquanto, os c\u00e9rebros de baleia coletados em Caravelas, no Sul da Bahia, continuam l\u00e1, na sede do Instituto Baleia Jubarte (IBJ). Eles est\u00e3o armazenados em recipientes com formol, mas isso deve mudar em breve. A ideia da pesquisadora Kamilla Souza \u00e9 implantar uma segunda geladeira de c\u00e9rebros para pesquisa. Al\u00e9m do refrigerador [&hellip;]\" \/>\n<meta property=\"og:url\" content=\"https:\/\/neurobiodiversidade.org\/en\/bahia-deve-ganhar-geladeira-de-cerebros-de-baleia-entenda\/\" \/>\n<meta property=\"og:site_name\" content=\"neurobiodiversidade.org\" \/>\n<meta property=\"article:published_time\" content=\"2024-07-11T18:42:08+00:00\" \/>\n<meta property=\"og:image\" content=\"https:\/\/neurobiodiversidade.org\/wp-content\/uploads\/2024\/07\/baleia-jubarte-encalhada-na-praia-em-caravelas-2119546-article.jpg\" \/>\n\t<meta property=\"og:image:width\" content=\"1200\" \/>\n\t<meta property=\"og:image:height\" content=\"800\" \/>\n\t<meta property=\"og:image:type\" content=\"image\/jpeg\" \/>\n<meta name=\"author\" content=\"RBNB\" \/>\n<meta name=\"twitter:card\" content=\"summary_large_image\" \/>\n<meta name=\"twitter:label1\" content=\"Written by\" \/>\n\t<meta name=\"twitter:data1\" content=\"RBNB\" \/>\n<script type=\"application\/ld+json\" class=\"yoast-schema-graph\">{\"@context\":\"https:\\\/\\\/schema.org\",\"@graph\":[{\"@type\":\"Article\",\"@id\":\"https:\\\/\\\/neurobiodiversidade.org\\\/bahia-deve-ganhar-geladeira-de-cerebros-de-baleia-entenda\\\/#article\",\"isPartOf\":{\"@id\":\"https:\\\/\\\/neurobiodiversidade.org\\\/bahia-deve-ganhar-geladeira-de-cerebros-de-baleia-entenda\\\/\"},\"author\":{\"name\":\"RBNB\",\"@id\":\"https:\\\/\\\/neurobiodiversidade.org\\\/#\\\/schema\\\/person\\\/a44095ce7254df2eaa04757a8067be22\"},\"headline\":\"Bahia deve ganhar geladeira de c\u00e9rebros de baleia; entenda\",\"datePublished\":\"2024-07-11T18:42:08+00:00\",\"mainEntityOfPage\":{\"@id\":\"https:\\\/\\\/neurobiodiversidade.org\\\/bahia-deve-ganhar-geladeira-de-cerebros-de-baleia-entenda\\\/\"},\"wordCount\":97,\"publisher\":{\"@id\":\"https:\\\/\\\/neurobiodiversidade.org\\\/#organization\"},\"image\":{\"@id\":\"https:\\\/\\\/neurobiodiversidade.org\\\/bahia-deve-ganhar-geladeira-de-cerebros-de-baleia-entenda\\\/#primaryimage\"},\"thumbnailUrl\":\"https:\\\/\\\/neurobiodiversidade.org\\\/wp-content\\\/uploads\\\/2024\\\/07\\\/baleia-jubarte-encalhada-na-praia-em-caravelas-2119546-article.jpg\",\"articleSection\":[\"Na m\u00eddia\"],\"inLanguage\":\"en-US\"},{\"@type\":\"WebPage\",\"@id\":\"https:\\\/\\\/neurobiodiversidade.org\\\/bahia-deve-ganhar-geladeira-de-cerebros-de-baleia-entenda\\\/\",\"url\":\"https:\\\/\\\/neurobiodiversidade.org\\\/bahia-deve-ganhar-geladeira-de-cerebros-de-baleia-entenda\\\/\",\"name\":\"Bahia deve ganhar geladeira de c\u00e9rebros de baleia; entenda - neurobiodiversidade.org\",\"isPartOf\":{\"@id\":\"https:\\\/\\\/neurobiodiversidade.org\\\/#website\"},\"primaryImageOfPage\":{\"@id\":\"https:\\\/\\\/neurobiodiversidade.org\\\/bahia-deve-ganhar-geladeira-de-cerebros-de-baleia-entenda\\\/#primaryimage\"},\"image\":{\"@id\":\"https:\\\/\\\/neurobiodiversidade.org\\\/bahia-deve-ganhar-geladeira-de-cerebros-de-baleia-entenda\\\/#primaryimage\"},\"thumbnailUrl\":\"https:\\\/\\\/neurobiodiversidade.org\\\/wp-content\\\/uploads\\\/2024\\\/07\\\/baleia-jubarte-encalhada-na-praia-em-caravelas-2119546-article.jpg\",\"datePublished\":\"2024-07-11T18:42:08+00:00\",\"breadcrumb\":{\"@id\":\"https:\\\/\\\/neurobiodiversidade.org\\\/bahia-deve-ganhar-geladeira-de-cerebros-de-baleia-entenda\\\/#breadcrumb\"},\"inLanguage\":\"en-US\",\"potentialAction\":[{\"@type\":\"ReadAction\",\"target\":[\"https:\\\/\\\/neurobiodiversidade.org\\\/bahia-deve-ganhar-geladeira-de-cerebros-de-baleia-entenda\\\/\"]}]},{\"@type\":\"ImageObject\",\"inLanguage\":\"en-US\",\"@id\":\"https:\\\/\\\/neurobiodiversidade.org\\\/bahia-deve-ganhar-geladeira-de-cerebros-de-baleia-entenda\\\/#primaryimage\",\"url\":\"https:\\\/\\\/neurobiodiversidade.org\\\/wp-content\\\/uploads\\\/2024\\\/07\\\/baleia-jubarte-encalhada-na-praia-em-caravelas-2119546-article.jpg\",\"contentUrl\":\"https:\\\/\\\/neurobiodiversidade.org\\\/wp-content\\\/uploads\\\/2024\\\/07\\\/baleia-jubarte-encalhada-na-praia-em-caravelas-2119546-article.jpg\",\"width\":1200,\"height\":800},{\"@type\":\"BreadcrumbList\",\"@id\":\"https:\\\/\\\/neurobiodiversidade.org\\\/bahia-deve-ganhar-geladeira-de-cerebros-de-baleia-entenda\\\/#breadcrumb\",\"itemListElement\":[{\"@type\":\"ListItem\",\"position\":1,\"name\":\"In\u00edcio\",\"item\":\"https:\\\/\\\/neurobiodiversidade.org\\\/\"},{\"@type\":\"ListItem\",\"position\":2,\"name\":\"Bahia deve ganhar geladeira de c\u00e9rebros de baleia; entenda\"}]},{\"@type\":\"WebSite\",\"@id\":\"https:\\\/\\\/neurobiodiversidade.org\\\/#website\",\"url\":\"https:\\\/\\\/neurobiodiversidade.org\\\/\",\"name\":\"neurobiodiversidade.org\",\"description\":\"A maior cole\u00e7\u00e3o de c\u00e9rebros de cet\u00e1ceos da Am\u00e9rica Latina\",\"publisher\":{\"@id\":\"https:\\\/\\\/neurobiodiversidade.org\\\/#organization\"},\"potentialAction\":[{\"@type\":\"SearchAction\",\"target\":{\"@type\":\"EntryPoint\",\"urlTemplate\":\"https:\\\/\\\/neurobiodiversidade.org\\\/?s={search_term_string}\"},\"query-input\":{\"@type\":\"PropertyValueSpecification\",\"valueRequired\":true,\"valueName\":\"search_term_string\"}}],\"inLanguage\":\"en-US\"},{\"@type\":\"Organization\",\"@id\":\"https:\\\/\\\/neurobiodiversidade.org\\\/#organization\",\"name\":\"neurobiodiversidade.org\",\"alternateName\":\"RBNB\",\"url\":\"https:\\\/\\\/neurobiodiversidade.org\\\/\",\"logo\":{\"@type\":\"ImageObject\",\"inLanguage\":\"en-US\",\"@id\":\"https:\\\/\\\/neurobiodiversidade.org\\\/#\\\/schema\\\/logo\\\/image\\\/\",\"url\":\"https:\\\/\\\/neurobiodiversidade.org\\\/wp-content\\\/uploads\\\/2024\\\/07\\\/RBNB_colorida_PNG-1.svg\",\"contentUrl\":\"https:\\\/\\\/neurobiodiversidade.org\\\/wp-content\\\/uploads\\\/2024\\\/07\\\/RBNB_colorida_PNG-1.svg\",\"width\":321,\"height\":157,\"caption\":\"neurobiodiversidade.org\"},\"image\":{\"@id\":\"https:\\\/\\\/neurobiodiversidade.org\\\/#\\\/schema\\\/logo\\\/image\\\/\"}},{\"@type\":\"Person\",\"@id\":\"https:\\\/\\\/neurobiodiversidade.org\\\/#\\\/schema\\\/person\\\/a44095ce7254df2eaa04757a8067be22\",\"name\":\"RBNB\",\"image\":{\"@type\":\"ImageObject\",\"inLanguage\":\"en-US\",\"@id\":\"https:\\\/\\\/neurobiodiversidade.org\\\/wp-content\\\/uploads\\\/2024\\\/07\\\/cropped-fav-150x150.jpg\",\"url\":\"https:\\\/\\\/neurobiodiversidade.org\\\/wp-content\\\/uploads\\\/2024\\\/07\\\/cropped-fav-150x150.jpg\",\"contentUrl\":\"https:\\\/\\\/neurobiodiversidade.org\\\/wp-content\\\/uploads\\\/2024\\\/07\\\/cropped-fav-150x150.jpg\",\"caption\":\"RBNB\"},\"sameAs\":[\"http:\\\/\\\/neurobiodiversidade.org\"],\"url\":\"https:\\\/\\\/neurobiodiversidade.org\\\/en\\\/author\\\/kamilla_bioufrj-br\\\/\"}]}<\/script>\n<!-- \/ Yoast SEO plugin. -->","yoast_head_json":{"title":"Bahia deve ganhar geladeira de c\u00e9rebros de baleia; entenda - neurobiodiversidade.org","robots":{"index":"index","follow":"follow","max-snippet":"max-snippet:-1","max-image-preview":"max-image-preview:large","max-video-preview":"max-video-preview:-1"},"canonical":"https:\/\/neurobiodiversidade.org\/en\/bahia-deve-ganhar-geladeira-de-cerebros-de-baleia-entenda\/","og_locale":"en_US","og_type":"article","og_title":"Bahia deve ganhar geladeira de c\u00e9rebros de baleia; entenda - neurobiodiversidade.org","og_description":"Correio 24h: Por enquanto, os c\u00e9rebros de baleia coletados em Caravelas, no Sul da Bahia, continuam l\u00e1, na sede do Instituto Baleia Jubarte (IBJ). Eles est\u00e3o armazenados em recipientes com formol, mas isso deve mudar em breve. A ideia da pesquisadora Kamilla Souza \u00e9 implantar uma segunda geladeira de c\u00e9rebros para pesquisa. Al\u00e9m do refrigerador [&hellip;]","og_url":"https:\/\/neurobiodiversidade.org\/en\/bahia-deve-ganhar-geladeira-de-cerebros-de-baleia-entenda\/","og_site_name":"neurobiodiversidade.org","article_published_time":"2024-07-11T18:42:08+00:00","og_image":[{"width":1200,"height":800,"url":"https:\/\/neurobiodiversidade.org\/wp-content\/uploads\/2024\/07\/baleia-jubarte-encalhada-na-praia-em-caravelas-2119546-article.jpg","type":"image\/jpeg"}],"author":"RBNB","twitter_card":"summary_large_image","twitter_misc":{"Written by":"RBNB"},"schema":{"@context":"https:\/\/schema.org","@graph":[{"@type":"Article","@id":"https:\/\/neurobiodiversidade.org\/bahia-deve-ganhar-geladeira-de-cerebros-de-baleia-entenda\/#article","isPartOf":{"@id":"https:\/\/neurobiodiversidade.org\/bahia-deve-ganhar-geladeira-de-cerebros-de-baleia-entenda\/"},"author":{"name":"RBNB","@id":"https:\/\/neurobiodiversidade.org\/#\/schema\/person\/a44095ce7254df2eaa04757a8067be22"},"headline":"Bahia deve ganhar geladeira de c\u00e9rebros de baleia; entenda","datePublished":"2024-07-11T18:42:08+00:00","mainEntityOfPage":{"@id":"https:\/\/neurobiodiversidade.org\/bahia-deve-ganhar-geladeira-de-cerebros-de-baleia-entenda\/"},"wordCount":97,"publisher":{"@id":"https:\/\/neurobiodiversidade.org\/#organization"},"image":{"@id":"https:\/\/neurobiodiversidade.org\/bahia-deve-ganhar-geladeira-de-cerebros-de-baleia-entenda\/#primaryimage"},"thumbnailUrl":"https:\/\/neurobiodiversidade.org\/wp-content\/uploads\/2024\/07\/baleia-jubarte-encalhada-na-praia-em-caravelas-2119546-article.jpg","articleSection":["Na m\u00eddia"],"inLanguage":"en-US"},{"@type":"WebPage","@id":"https:\/\/neurobiodiversidade.org\/bahia-deve-ganhar-geladeira-de-cerebros-de-baleia-entenda\/","url":"https:\/\/neurobiodiversidade.org\/bahia-deve-ganhar-geladeira-de-cerebros-de-baleia-entenda\/","name":"Bahia deve ganhar geladeira de c\u00e9rebros de baleia; entenda - neurobiodiversidade.org","isPartOf":{"@id":"https:\/\/neurobiodiversidade.org\/#website"},"primaryImageOfPage":{"@id":"https:\/\/neurobiodiversidade.org\/bahia-deve-ganhar-geladeira-de-cerebros-de-baleia-entenda\/#primaryimage"},"image":{"@id":"https:\/\/neurobiodiversidade.org\/bahia-deve-ganhar-geladeira-de-cerebros-de-baleia-entenda\/#primaryimage"},"thumbnailUrl":"https:\/\/neurobiodiversidade.org\/wp-content\/uploads\/2024\/07\/baleia-jubarte-encalhada-na-praia-em-caravelas-2119546-article.jpg","datePublished":"2024-07-11T18:42:08+00:00","breadcrumb":{"@id":"https:\/\/neurobiodiversidade.org\/bahia-deve-ganhar-geladeira-de-cerebros-de-baleia-entenda\/#breadcrumb"},"inLanguage":"en-US","potentialAction":[{"@type":"ReadAction","target":["https:\/\/neurobiodiversidade.org\/bahia-deve-ganhar-geladeira-de-cerebros-de-baleia-entenda\/"]}]},{"@type":"ImageObject","inLanguage":"en-US","@id":"https:\/\/neurobiodiversidade.org\/bahia-deve-ganhar-geladeira-de-cerebros-de-baleia-entenda\/#primaryimage","url":"https:\/\/neurobiodiversidade.org\/wp-content\/uploads\/2024\/07\/baleia-jubarte-encalhada-na-praia-em-caravelas-2119546-article.jpg","contentUrl":"https:\/\/neurobiodiversidade.org\/wp-content\/uploads\/2024\/07\/baleia-jubarte-encalhada-na-praia-em-caravelas-2119546-article.jpg","width":1200,"height":800},{"@type":"BreadcrumbList","@id":"https:\/\/neurobiodiversidade.org\/bahia-deve-ganhar-geladeira-de-cerebros-de-baleia-entenda\/#breadcrumb","itemListElement":[{"@type":"ListItem","position":1,"name":"In\u00edcio","item":"https:\/\/neurobiodiversidade.org\/"},{"@type":"ListItem","position":2,"name":"Bahia deve ganhar geladeira de c\u00e9rebros de baleia; entenda"}]},{"@type":"WebSite","@id":"https:\/\/neurobiodiversidade.org\/#website","url":"https:\/\/neurobiodiversidade.org\/","name":"neurobiodiversidade.org","description":"The largest collection of cetacean brains in Latin America","publisher":{"@id":"https:\/\/neurobiodiversidade.org\/#organization"},"potentialAction":[{"@type":"SearchAction","target":{"@type":"EntryPoint","urlTemplate":"https:\/\/neurobiodiversidade.org\/?s={search_term_string}"},"query-input":{"@type":"PropertyValueSpecification","valueRequired":true,"valueName":"search_term_string"}}],"inLanguage":"en-US"},{"@type":"Organization","@id":"https:\/\/neurobiodiversidade.org\/#organization","name":"neurobiodiversidade.org","alternateName":"RBNB","url":"https:\/\/neurobiodiversidade.org\/","logo":{"@type":"ImageObject","inLanguage":"en-US","@id":"https:\/\/neurobiodiversidade.org\/#\/schema\/logo\/image\/","url":"https:\/\/neurobiodiversidade.org\/wp-content\/uploads\/2024\/07\/RBNB_colorida_PNG-1.svg","contentUrl":"https:\/\/neurobiodiversidade.org\/wp-content\/uploads\/2024\/07\/RBNB_colorida_PNG-1.svg","width":321,"height":157,"caption":"neurobiodiversidade.org"},"image":{"@id":"https:\/\/neurobiodiversidade.org\/#\/schema\/logo\/image\/"}},{"@type":"Person","@id":"https:\/\/neurobiodiversidade.org\/#\/schema\/person\/a44095ce7254df2eaa04757a8067be22","name":"RBNB","image":{"@type":"ImageObject","inLanguage":"en-US","@id":"https:\/\/neurobiodiversidade.org\/wp-content\/uploads\/2024\/07\/cropped-fav-150x150.jpg","url":"https:\/\/neurobiodiversidade.org\/wp-content\/uploads\/2024\/07\/cropped-fav-150x150.jpg","contentUrl":"https:\/\/neurobiodiversidade.org\/wp-content\/uploads\/2024\/07\/cropped-fav-150x150.jpg","caption":"RBNB"},"sameAs":["http:\/\/neurobiodiversidade.org"],"url":"https:\/\/neurobiodiversidade.org\/en\/author\/kamilla_bioufrj-br\/"}]}},"_links":{"self":[{"href":"https:\/\/neurobiodiversidade.org\/en\/wp-json\/wp\/v2\/posts\/2168","targetHints":{"allow":["GET"]}}],"collection":[{"href":"https:\/\/neurobiodiversidade.org\/en\/wp-json\/wp\/v2\/posts"}],"about":[{"href":"https:\/\/neurobiodiversidade.org\/en\/wp-json\/wp\/v2\/types\/post"}],"author":[{"embeddable":true,"href":"https:\/\/neurobiodiversidade.org\/en\/wp-json\/wp\/v2\/users\/1"}],"replies":[{"embeddable":true,"href":"https:\/\/neurobiodiversidade.org\/en\/wp-json\/wp\/v2\/comments?post=2168"}],"version-history":[{"count":1,"href":"https:\/\/neurobiodiversidade.org\/en\/wp-json\/wp\/v2\/posts\/2168\/revisions"}],"predecessor-version":[{"id":2170,"href":"https:\/\/neurobiodiversidade.org\/en\/wp-json\/wp\/v2\/posts\/2168\/revisions\/2170"}],"wp:featuredmedia":[{"embeddable":true,"href":"https:\/\/neurobiodiversidade.org\/en\/wp-json\/wp\/v2\/media\/2169"}],"wp:attachment":[{"href":"https:\/\/neurobiodiversidade.org\/en\/wp-json\/wp\/v2\/media?parent=2168"}],"wp:term":[{"taxonomy":"category","embeddable":true,"href":"https:\/\/neurobiodiversidade.org\/en\/wp-json\/wp\/v2\/categories?post=2168"},{"taxonomy":"post_tag","embeddable":true,"href":"https:\/\/neurobiodiversidade.org\/en\/wp-json\/wp\/v2\/tags?post=2168"}],"curies":[{"name":"wp","href":"https:\/\/api.w.org\/{rel}","templated":true}]}}