{"id":2941,"date":"2025-02-24T17:47:35","date_gmt":"2025-02-24T17:47:35","guid":{"rendered":"https:\/\/neurobiodiversidade.org\/?p=2941"},"modified":"2025-02-24T17:57:28","modified_gmt":"2025-02-24T17:57:28","slug":"a-rbnb-esta-na-npr","status":"publish","type":"post","link":"https:\/\/neurobiodiversidade.org\/en\/a-rbnb-esta-na-npr\/","title":{"rendered":"A RBNB esta\u0301 na NPR!"},"content":{"rendered":"<p>No final do u\u0301ltimo ano, a diretora da <a href=\"https:\/\/neurobiodiversidade.org\/en\/\">RBNB<\/a>, Kamilla Souza, teve o enorme prazer de receber em terras brasileiras o repo\u0301rter <a href=\"https:\/\/www.instagram.com\/mesoplodon_\/\">Ari Daniel<\/a>, e poder conversar sobre o trabalho que temos desenvolvido no Brasil com a <a href=\"https:\/\/neurobiodiversidade.org\/en\/\">Brazilian Neurobiodiversity Network<\/a>, iniciativa que reu\u0301ne diversas instituic\u0327o\u0303es em prol do avanc\u0327o da neurocie\u0302ncia em mami\u0301feros\u00a0aqua\u0301ticos.<\/p>\n\n\n\n<p>O resultado dessa experie\u0302ncia incri\u0301vel foi um podcast e uma reportagem completa que podem ser acessados\u00a0nestes\u00a0links:<\/p>\n\n\n\n<ul class=\"wp-block-list\">\n<li><a href=\"https:\/\/www.npr.org\/2025\/02\/15\/nx-s1-5258496\/scientist-inspires-whale-dolphin-brain-research-brazil\">https:\/\/www.npr.org\/2025\/02\/15\/nx-s1-5258496\/scientist-inspires-whale-dolphin-brain-research-brazil<\/a><\/li>\n\n\n\n<li><a href=\"https:\/\/www.npr.org\/2025\/02\/13\/nx-s1-5258441\/meet-the-neuroscientist-looking-for-whale-and-dolphin-brains-along-brazils-coastline\">https:\/\/www.npr.org\/2025\/02\/13\/nx-s1-5258441\/meet-the-neuroscientist-looking-for-whale-and-dolphin-brains-along-brazils-coastline<\/a><\/li>\n<\/ul>\n\n\n\n<p><\/p>","protected":false},"excerpt":{"rendered":"<p>No final do u\u0301ltimo ano, a diretora da RBNB, Kamilla Souza, teve o enorme prazer de receber em terras brasileiras o repo\u0301rter Ari Daniel, e poder conversar sobre o trabalho que temos desenvolvido no Brasil com a Rede Brasileira de Neurobiodiversidade, iniciativa que reu\u0301ne diversas instituic\u0327o\u0303es em prol do avanc\u0327o da neurocie\u0302ncia em mami\u0301feros\u00a0aqua\u0301ticos. O [&hellip;]<\/p>\n","protected":false},"author":1,"featured_media":2947,"comment_status":"closed","ping_status":"closed","sticky":false,"template":"","format":"standard","meta":{"footnotes":""},"categories":[10],"tags":[],"class_list":["post-2941","post","type-post","status-publish","format-standard","has-post-thumbnail","hentry","category-na-midia"],"yoast_head":"<!-- This site is optimized with the Yoast SEO plugin v27.5 - https:\/\/yoast.com\/product\/yoast-seo-wordpress\/ -->\n<title>A RBNB esta\u0301 na NPR! - neurobiodiversidade.org<\/title>\n<meta name=\"description\" content=\"A RBNB ganhou destaque na NPR com uma reportagem e podcast sobre sua pesquisa em neuroci\u00eancia de mam\u00edferos aqu\u00e1ticos no Brasil.\" \/>\n<meta name=\"robots\" content=\"index, follow, max-snippet:-1, max-image-preview:large, max-video-preview:-1\" \/>\n<link rel=\"canonical\" href=\"https:\/\/neurobiodiversidade.org\/en\/a-rbnb-esta-na-npr\/\" \/>\n<meta property=\"og:locale\" content=\"en_US\" \/>\n<meta property=\"og:type\" content=\"article\" \/>\n<meta property=\"og:title\" content=\"A RBNB esta\u0301 na NPR! - neurobiodiversidade.org\" \/>\n<meta property=\"og:description\" content=\"A RBNB ganhou destaque na NPR com uma reportagem e podcast sobre sua pesquisa em neuroci\u00eancia de mam\u00edferos aqu\u00e1ticos no Brasil.\" \/>\n<meta property=\"og:url\" content=\"https:\/\/neurobiodiversidade.org\/en\/a-rbnb-esta-na-npr\/\" \/>\n<meta property=\"og:site_name\" content=\"neurobiodiversidade.org\" \/>\n<meta property=\"article:published_time\" content=\"2025-02-24T17:47:35+00:00\" \/>\n<meta property=\"article:modified_time\" content=\"2025-02-24T17:57:28+00:00\" \/>\n<meta property=\"og:image\" content=\"https:\/\/neurobiodiversidade.org\/wp-content\/uploads\/2025\/02\/NPR2.jpg\" \/>\n\t<meta property=\"og:image:width\" content=\"1366\" \/>\n\t<meta property=\"og:image:height\" content=\"768\" \/>\n\t<meta property=\"og:image:type\" content=\"image\/jpeg\" \/>\n<meta name=\"author\" content=\"RBNB\" \/>\n<meta name=\"twitter:card\" content=\"summary_large_image\" \/>\n<meta name=\"twitter:label1\" content=\"Written by\" \/>\n\t<meta name=\"twitter:data1\" content=\"RBNB\" \/>\n\t<meta name=\"twitter:label2\" content=\"Est. reading time\" \/>\n\t<meta name=\"twitter:data2\" content=\"1 minute\" \/>\n<script type=\"application\/ld+json\" class=\"yoast-schema-graph\">{\"@context\":\"https:\\\/\\\/schema.org\",\"@graph\":[{\"@type\":\"Article\",\"@id\":\"https:\\\/\\\/neurobiodiversidade.org\\\/a-rbnb-esta-na-npr\\\/#article\",\"isPartOf\":{\"@id\":\"https:\\\/\\\/neurobiodiversidade.org\\\/a-rbnb-esta-na-npr\\\/\"},\"author\":{\"name\":\"RBNB\",\"@id\":\"https:\\\/\\\/neurobiodiversidade.org\\\/#\\\/schema\\\/person\\\/a44095ce7254df2eaa04757a8067be22\"},\"headline\":\"A RBNB esta\u0301 na NPR!\",\"datePublished\":\"2025-02-24T17:47:35+00:00\",\"dateModified\":\"2025-02-24T17:57:28+00:00\",\"mainEntityOfPage\":{\"@id\":\"https:\\\/\\\/neurobiodiversidade.org\\\/a-rbnb-esta-na-npr\\\/\"},\"wordCount\":103,\"publisher\":{\"@id\":\"https:\\\/\\\/neurobiodiversidade.org\\\/#organization\"},\"image\":{\"@id\":\"https:\\\/\\\/neurobiodiversidade.org\\\/a-rbnb-esta-na-npr\\\/#primaryimage\"},\"thumbnailUrl\":\"https:\\\/\\\/neurobiodiversidade.org\\\/wp-content\\\/uploads\\\/2025\\\/02\\\/NPR2.jpg\",\"articleSection\":[\"Na m\u00eddia\"],\"inLanguage\":\"en-US\"},{\"@type\":\"WebPage\",\"@id\":\"https:\\\/\\\/neurobiodiversidade.org\\\/a-rbnb-esta-na-npr\\\/\",\"url\":\"https:\\\/\\\/neurobiodiversidade.org\\\/a-rbnb-esta-na-npr\\\/\",\"name\":\"A RBNB esta\u0301 na NPR! - neurobiodiversidade.org\",\"isPartOf\":{\"@id\":\"https:\\\/\\\/neurobiodiversidade.org\\\/#website\"},\"primaryImageOfPage\":{\"@id\":\"https:\\\/\\\/neurobiodiversidade.org\\\/a-rbnb-esta-na-npr\\\/#primaryimage\"},\"image\":{\"@id\":\"https:\\\/\\\/neurobiodiversidade.org\\\/a-rbnb-esta-na-npr\\\/#primaryimage\"},\"thumbnailUrl\":\"https:\\\/\\\/neurobiodiversidade.org\\\/wp-content\\\/uploads\\\/2025\\\/02\\\/NPR2.jpg\",\"datePublished\":\"2025-02-24T17:47:35+00:00\",\"dateModified\":\"2025-02-24T17:57:28+00:00\",\"description\":\"A RBNB ganhou destaque na NPR com uma reportagem e podcast sobre sua pesquisa em neuroci\u00eancia de mam\u00edferos aqu\u00e1ticos no Brasil.\",\"breadcrumb\":{\"@id\":\"https:\\\/\\\/neurobiodiversidade.org\\\/a-rbnb-esta-na-npr\\\/#breadcrumb\"},\"inLanguage\":\"en-US\",\"potentialAction\":[{\"@type\":\"ReadAction\",\"target\":[\"https:\\\/\\\/neurobiodiversidade.org\\\/a-rbnb-esta-na-npr\\\/\"]}]},{\"@type\":\"ImageObject\",\"inLanguage\":\"en-US\",\"@id\":\"https:\\\/\\\/neurobiodiversidade.org\\\/a-rbnb-esta-na-npr\\\/#primaryimage\",\"url\":\"https:\\\/\\\/neurobiodiversidade.org\\\/wp-content\\\/uploads\\\/2025\\\/02\\\/NPR2.jpg\",\"contentUrl\":\"https:\\\/\\\/neurobiodiversidade.org\\\/wp-content\\\/uploads\\\/2025\\\/02\\\/NPR2.jpg\",\"width\":1366,\"height\":768,\"caption\":\"Ari Daniel, rep\u00f3rter da NPR, entrevista a Dra. Kamilla Avelino de Souza\"},{\"@type\":\"BreadcrumbList\",\"@id\":\"https:\\\/\\\/neurobiodiversidade.org\\\/a-rbnb-esta-na-npr\\\/#breadcrumb\",\"itemListElement\":[{\"@type\":\"ListItem\",\"position\":1,\"name\":\"In\u00edcio\",\"item\":\"https:\\\/\\\/neurobiodiversidade.org\\\/\"},{\"@type\":\"ListItem\",\"position\":2,\"name\":\"A RBNB esta\u0301 na NPR!\"}]},{\"@type\":\"WebSite\",\"@id\":\"https:\\\/\\\/neurobiodiversidade.org\\\/#website\",\"url\":\"https:\\\/\\\/neurobiodiversidade.org\\\/\",\"name\":\"neurobiodiversidade.org\",\"description\":\"A maior cole\u00e7\u00e3o de c\u00e9rebros de cet\u00e1ceos da Am\u00e9rica Latina\",\"publisher\":{\"@id\":\"https:\\\/\\\/neurobiodiversidade.org\\\/#organization\"},\"potentialAction\":[{\"@type\":\"SearchAction\",\"target\":{\"@type\":\"EntryPoint\",\"urlTemplate\":\"https:\\\/\\\/neurobiodiversidade.org\\\/?s={search_term_string}\"},\"query-input\":{\"@type\":\"PropertyValueSpecification\",\"valueRequired\":true,\"valueName\":\"search_term_string\"}}],\"inLanguage\":\"en-US\"},{\"@type\":\"Organization\",\"@id\":\"https:\\\/\\\/neurobiodiversidade.org\\\/#organization\",\"name\":\"neurobiodiversidade.org\",\"alternateName\":\"RBNB\",\"url\":\"https:\\\/\\\/neurobiodiversidade.org\\\/\",\"logo\":{\"@type\":\"ImageObject\",\"inLanguage\":\"en-US\",\"@id\":\"https:\\\/\\\/neurobiodiversidade.org\\\/#\\\/schema\\\/logo\\\/image\\\/\",\"url\":\"https:\\\/\\\/neurobiodiversidade.org\\\/wp-content\\\/uploads\\\/2024\\\/07\\\/RBNB_colorida_PNG-1.svg\",\"contentUrl\":\"https:\\\/\\\/neurobiodiversidade.org\\\/wp-content\\\/uploads\\\/2024\\\/07\\\/RBNB_colorida_PNG-1.svg\",\"width\":321,\"height\":157,\"caption\":\"neurobiodiversidade.org\"},\"image\":{\"@id\":\"https:\\\/\\\/neurobiodiversidade.org\\\/#\\\/schema\\\/logo\\\/image\\\/\"}},{\"@type\":\"Person\",\"@id\":\"https:\\\/\\\/neurobiodiversidade.org\\\/#\\\/schema\\\/person\\\/a44095ce7254df2eaa04757a8067be22\",\"name\":\"RBNB\",\"image\":{\"@type\":\"ImageObject\",\"inLanguage\":\"en-US\",\"@id\":\"https:\\\/\\\/neurobiodiversidade.org\\\/wp-content\\\/uploads\\\/2024\\\/07\\\/cropped-fav-150x150.jpg\",\"url\":\"https:\\\/\\\/neurobiodiversidade.org\\\/wp-content\\\/uploads\\\/2024\\\/07\\\/cropped-fav-150x150.jpg\",\"contentUrl\":\"https:\\\/\\\/neurobiodiversidade.org\\\/wp-content\\\/uploads\\\/2024\\\/07\\\/cropped-fav-150x150.jpg\",\"caption\":\"RBNB\"},\"sameAs\":[\"http:\\\/\\\/neurobiodiversidade.org\"],\"url\":\"https:\\\/\\\/neurobiodiversidade.org\\\/en\\\/author\\\/kamilla_bioufrj-br\\\/\"}]}<\/script>\n<!-- \/ Yoast SEO plugin. -->","yoast_head_json":{"title":"A RBNB esta\u0301 na NPR! - neurobiodiversidade.org","description":"A RBNB ganhou destaque na NPR com uma reportagem e podcast sobre sua pesquisa em neuroci\u00eancia de mam\u00edferos aqu\u00e1ticos no Brasil.","robots":{"index":"index","follow":"follow","max-snippet":"max-snippet:-1","max-image-preview":"max-image-preview:large","max-video-preview":"max-video-preview:-1"},"canonical":"https:\/\/neurobiodiversidade.org\/en\/a-rbnb-esta-na-npr\/","og_locale":"en_US","og_type":"article","og_title":"A RBNB esta\u0301 na NPR! - neurobiodiversidade.org","og_description":"A RBNB ganhou destaque na NPR com uma reportagem e podcast sobre sua pesquisa em neuroci\u00eancia de mam\u00edferos aqu\u00e1ticos no Brasil.","og_url":"https:\/\/neurobiodiversidade.org\/en\/a-rbnb-esta-na-npr\/","og_site_name":"neurobiodiversidade.org","article_published_time":"2025-02-24T17:47:35+00:00","article_modified_time":"2025-02-24T17:57:28+00:00","og_image":[{"width":1366,"height":768,"url":"https:\/\/neurobiodiversidade.org\/wp-content\/uploads\/2025\/02\/NPR2.jpg","type":"image\/jpeg"}],"author":"RBNB","twitter_card":"summary_large_image","twitter_misc":{"Written by":"RBNB","Est. reading time":"1 minute"},"schema":{"@context":"https:\/\/schema.org","@graph":[{"@type":"Article","@id":"https:\/\/neurobiodiversidade.org\/a-rbnb-esta-na-npr\/#article","isPartOf":{"@id":"https:\/\/neurobiodiversidade.org\/a-rbnb-esta-na-npr\/"},"author":{"name":"RBNB","@id":"https:\/\/neurobiodiversidade.org\/#\/schema\/person\/a44095ce7254df2eaa04757a8067be22"},"headline":"A RBNB esta\u0301 na NPR!","datePublished":"2025-02-24T17:47:35+00:00","dateModified":"2025-02-24T17:57:28+00:00","mainEntityOfPage":{"@id":"https:\/\/neurobiodiversidade.org\/a-rbnb-esta-na-npr\/"},"wordCount":103,"publisher":{"@id":"https:\/\/neurobiodiversidade.org\/#organization"},"image":{"@id":"https:\/\/neurobiodiversidade.org\/a-rbnb-esta-na-npr\/#primaryimage"},"thumbnailUrl":"https:\/\/neurobiodiversidade.org\/wp-content\/uploads\/2025\/02\/NPR2.jpg","articleSection":["Na m\u00eddia"],"inLanguage":"en-US"},{"@type":"WebPage","@id":"https:\/\/neurobiodiversidade.org\/a-rbnb-esta-na-npr\/","url":"https:\/\/neurobiodiversidade.org\/a-rbnb-esta-na-npr\/","name":"A RBNB esta\u0301 na NPR! - neurobiodiversidade.org","isPartOf":{"@id":"https:\/\/neurobiodiversidade.org\/#website"},"primaryImageOfPage":{"@id":"https:\/\/neurobiodiversidade.org\/a-rbnb-esta-na-npr\/#primaryimage"},"image":{"@id":"https:\/\/neurobiodiversidade.org\/a-rbnb-esta-na-npr\/#primaryimage"},"thumbnailUrl":"https:\/\/neurobiodiversidade.org\/wp-content\/uploads\/2025\/02\/NPR2.jpg","datePublished":"2025-02-24T17:47:35+00:00","dateModified":"2025-02-24T17:57:28+00:00","description":"A RBNB ganhou destaque na NPR com uma reportagem e podcast sobre sua pesquisa em neuroci\u00eancia de mam\u00edferos aqu\u00e1ticos no Brasil.","breadcrumb":{"@id":"https:\/\/neurobiodiversidade.org\/a-rbnb-esta-na-npr\/#breadcrumb"},"inLanguage":"en-US","potentialAction":[{"@type":"ReadAction","target":["https:\/\/neurobiodiversidade.org\/a-rbnb-esta-na-npr\/"]}]},{"@type":"ImageObject","inLanguage":"en-US","@id":"https:\/\/neurobiodiversidade.org\/a-rbnb-esta-na-npr\/#primaryimage","url":"https:\/\/neurobiodiversidade.org\/wp-content\/uploads\/2025\/02\/NPR2.jpg","contentUrl":"https:\/\/neurobiodiversidade.org\/wp-content\/uploads\/2025\/02\/NPR2.jpg","width":1366,"height":768,"caption":"Ari Daniel, rep\u00f3rter da NPR, entrevista a Dra. Kamilla Avelino de Souza"},{"@type":"BreadcrumbList","@id":"https:\/\/neurobiodiversidade.org\/a-rbnb-esta-na-npr\/#breadcrumb","itemListElement":[{"@type":"ListItem","position":1,"name":"In\u00edcio","item":"https:\/\/neurobiodiversidade.org\/"},{"@type":"ListItem","position":2,"name":"A RBNB esta\u0301 na NPR!"}]},{"@type":"WebSite","@id":"https:\/\/neurobiodiversidade.org\/#website","url":"https:\/\/neurobiodiversidade.org\/","name":"neurobiodiversidade.org","description":"The largest collection of cetacean brains in Latin America","publisher":{"@id":"https:\/\/neurobiodiversidade.org\/#organization"},"potentialAction":[{"@type":"SearchAction","target":{"@type":"EntryPoint","urlTemplate":"https:\/\/neurobiodiversidade.org\/?s={search_term_string}"},"query-input":{"@type":"PropertyValueSpecification","valueRequired":true,"valueName":"search_term_string"}}],"inLanguage":"en-US"},{"@type":"Organization","@id":"https:\/\/neurobiodiversidade.org\/#organization","name":"neurobiodiversidade.org","alternateName":"RBNB","url":"https:\/\/neurobiodiversidade.org\/","logo":{"@type":"ImageObject","inLanguage":"en-US","@id":"https:\/\/neurobiodiversidade.org\/#\/schema\/logo\/image\/","url":"https:\/\/neurobiodiversidade.org\/wp-content\/uploads\/2024\/07\/RBNB_colorida_PNG-1.svg","contentUrl":"https:\/\/neurobiodiversidade.org\/wp-content\/uploads\/2024\/07\/RBNB_colorida_PNG-1.svg","width":321,"height":157,"caption":"neurobiodiversidade.org"},"image":{"@id":"https:\/\/neurobiodiversidade.org\/#\/schema\/logo\/image\/"}},{"@type":"Person","@id":"https:\/\/neurobiodiversidade.org\/#\/schema\/person\/a44095ce7254df2eaa04757a8067be22","name":"RBNB","image":{"@type":"ImageObject","inLanguage":"en-US","@id":"https:\/\/neurobiodiversidade.org\/wp-content\/uploads\/2024\/07\/cropped-fav-150x150.jpg","url":"https:\/\/neurobiodiversidade.org\/wp-content\/uploads\/2024\/07\/cropped-fav-150x150.jpg","contentUrl":"https:\/\/neurobiodiversidade.org\/wp-content\/uploads\/2024\/07\/cropped-fav-150x150.jpg","caption":"RBNB"},"sameAs":["http:\/\/neurobiodiversidade.org"],"url":"https:\/\/neurobiodiversidade.org\/en\/author\/kamilla_bioufrj-br\/"}]}},"_links":{"self":[{"href":"https:\/\/neurobiodiversidade.org\/en\/wp-json\/wp\/v2\/posts\/2941","targetHints":{"allow":["GET"]}}],"collection":[{"href":"https:\/\/neurobiodiversidade.org\/en\/wp-json\/wp\/v2\/posts"}],"about":[{"href":"https:\/\/neurobiodiversidade.org\/en\/wp-json\/wp\/v2\/types\/post"}],"author":[{"embeddable":true,"href":"https:\/\/neurobiodiversidade.org\/en\/wp-json\/wp\/v2\/users\/1"}],"replies":[{"embeddable":true,"href":"https:\/\/neurobiodiversidade.org\/en\/wp-json\/wp\/v2\/comments?post=2941"}],"version-history":[{"count":1,"href":"https:\/\/neurobiodiversidade.org\/en\/wp-json\/wp\/v2\/posts\/2941\/revisions"}],"predecessor-version":[{"id":2944,"href":"https:\/\/neurobiodiversidade.org\/en\/wp-json\/wp\/v2\/posts\/2941\/revisions\/2944"}],"wp:featuredmedia":[{"embeddable":true,"href":"https:\/\/neurobiodiversidade.org\/en\/wp-json\/wp\/v2\/media\/2947"}],"wp:attachment":[{"href":"https:\/\/neurobiodiversidade.org\/en\/wp-json\/wp\/v2\/media?parent=2941"}],"wp:term":[{"taxonomy":"category","embeddable":true,"href":"https:\/\/neurobiodiversidade.org\/en\/wp-json\/wp\/v2\/categories?post=2941"},{"taxonomy":"post_tag","embeddable":true,"href":"https:\/\/neurobiodiversidade.org\/en\/wp-json\/wp\/v2\/tags?post=2941"}],"curies":[{"name":"wp","href":"https:\/\/api.w.org\/{rel}","templated":true}]}}